{"id":3145,"date":"2022-05-23T09:31:31","date_gmt":"2022-05-23T07:31:31","guid":{"rendered":"http:\/\/gruene-lk-ks.de\/baunatal\/?p=3145"},"modified":"2022-05-23T09:32:22","modified_gmt":"2022-05-23T07:32:22","slug":"danke-guntershausen-unser-dorf-hat-definitiv-zukunft","status":"publish","type":"post","link":"http:\/\/gruene-lk-ks.de\/baunatal\/danke-guntershausen-unser-dorf-hat-definitiv-zukunft\/","title":{"rendered":"Danke Guntershausen \u2013 unser Dorf hat definitiv Zukunft!!!"},"content":{"rendered":"\n<p>Juliane und Damaris haben in Gunterhausen in der Initiativgruppe f\u00fcr den Wettbewerb &#8220;Unser Dorf hat Zukunft&#8221; mitgewirkt und blicken auf eine spannende Woche zur\u00fcck: <\/p>\n\n\n\n<p>Am Mittwoch (18. Mai) haben wir <strong>gemeinsam <\/strong>den Jurybesuch im Rahmen des Dorfwettbewerbs \u201eUnser Dorf hat Zukunft\u201c absolviert und am Samstag den ersten \u201eTag der Sonne\u201c <strong>gemeinsam <\/strong>veranstaltet.<\/p>\n\n\n\n<p>Seit unserer Auftaktveranstaltung f\u00fcr \u201eUnser Dorf\u201c im Sp\u00e4therbst 2021 hat sich sehr viel bewegt. So viele engagierte Guntersh\u00e4user*innen, ob aus den seit jeher aktiven Vereinen\/Organisationen, neuen Vereinen\/Zusammenschl\u00fcssen oder einzelne Engagierte haben sich entlang ihrer Interessen beim Dorfentwicklungsprozess eingebracht. Die Bandbreite der Themen war dabei entsprechend gro\u00df: von Jugendarbeit \u00fcber \u00d6ffentlichkeitsarbeit bis naturf\u00f6rdernde Ma\u00dfnahmen. Wir konnten am Mittwoch innerhalb von zwei Stunden 18 Projekte der Jury pr\u00e4sentieren, eingef\u00fcgt in einen sehr straff organisierten Begehungsplan. Dabei war die Stimmung bei allen Beteiligten locker und wir konnten den Plan einhalten, die Jury sichtlich begeistern und den Erfolg nachmittags noch bei Waffeln in der M\u00fchle feiern.<\/p>\n\n\n\n<p>Am Samstag str\u00f6mten dann zahlreiche Interessierte, nicht nur aus Guntershausen, zuerst ins Dorfgemeinschaftshaus, um sich Fachvortr\u00e4ge zum Thema Solaranlagen und Co anzuh\u00f6ren. Anschlie\u00dfend konnten bestehende Anlagen in Kombination mit verschiedenen Abnehmern bei drei Familien im Ort besichtigt und konkrete Fragen gestellt werden. Danach standen Akteure f\u00fcr individuelle Fragen zur Verf\u00fcgung: Von der B\u00fcrger Energie Kassel &amp; S\u00f6hre Rainer Mayfahrt und Helga Weber als Vorstandsmitglieder und Willi Kammelter vom Beirat, Saskia Skaley als Energiebeauftragte der Stadt Baunatal und J\u00f6rg Wenderoth von WHD-Solar als Guntersh\u00e4user Solarteur. Federf\u00fchrend wurde dieser Tag von der aus dem Dorfentwicklungsprozess hervorgegangenen AG Solar, insbesondere von Jochen Krug, Sven Rottkamp und Johannes M\u00fcller vorbereitet. Herzlichen Dank, es war insgesamt ein toller Erfolg!<\/p>\n\n\n\n<p>Noch ganz erf\u00fcllt von den nachhaltigen Eindr\u00fccken schauen wir zur\u00fcck auf diese besondere Woche. Juliane und Damaris als Guntersh\u00e4user Gr\u00fcne sind froh, ein Teil des gesamten Prozesses zu sein, der ja nicht mit dem Ende des Wettbewerbs endet. Wir sind stolz auf unseren d\u00f6rflichen Ortsteil Guntershausen, besonders auf die oben genannten in verschiedenen Formen organisierten oder privat engagierten Guntersh\u00e4user*innen. Ihr wisst, wer gemeint ist \ud83d\ude09: Chapeau!<\/p>\n\n\n\n<p>Besonders intensiv zusammengearbeitet haben wir mit den Mitgliedern der Initiativgruppe: Katrin, Klaus-Peter, Nadine und Udo \u2013 ihr seid super!<\/p>\n\n\n\n<p>Unser Dank gilt auch den verschiedenen Mitarbeitenden im Rathaus von Bauhof-Mitarbeiter*innen &nbsp;bis zum ersten Stadtrat und unserer B\u00fcrgermeisterin: vielen Dank f\u00fcr Ihre Bereitschaft und Unterst\u00fctzung!<\/p>\n\n\n\n<p>Auch an Patricia Ruffini unsere Beraterin von der Demografieagentur des Landkreises Kassel und die Wettbewerbs-Jury vielen Dank f\u00fcr die Unterst\u00fctzung und Ihre Aufmerksamkeit.<\/p>\n\n\n\n<p>Wir freuen uns auf alle kommenden Schritte, denn unsere angefangenen Projekte gilt es nun Wirklichkeit werden zu lassen. \u2026.. Und wer wei\u00df, \u2026. vielleicht schaffen wir es ja in den Landesentscheid!<\/p>\n\n\n\n<p>Details finden Interessierte auf unserem <a href=\"https:\/\/padlet.com\/Unser_Dorf_hat_Zukunft\/v9ftdbjpubt00vlw\" target=\"_blank\" rel=\"noreferrer noopener\">Padlet<\/a>. <\/p>\n","protected":false},"excerpt":{"rendered":"<p>Juliane und Damaris haben in Gunterhausen in der Initiativgruppe f\u00fcr den Wettbewerb &#8220;Unser Dorf hat Zukunft&#8221; mitgewirkt und blicken auf eine spannende Woche zur\u00fcck: Am Mittwoch (18. Mai) haben wir&#8230; <\/p>\n","protected":false},"author":20,"featured_media":3146,"comment_status":"closed","ping_status":"open","sticky":false,"template":"","format":"standard","meta":{"ngg_post_thumbnail":0},"categories":[1],"tags":[],"_links":{"self":[{"href":"http:\/\/gruene-lk-ks.de\/baunatal\/wp-json\/wp\/v2\/posts\/3145"}],"collection":[{"href":"http:\/\/gruene-lk-ks.de\/baunatal\/wp-json\/wp\/v2\/posts"}],"about":[{"href":"http:\/\/gruene-lk-ks.de\/baunatal\/wp-json\/wp\/v2\/types\/post"}],"author":[{"embeddable":true,"href":"http:\/\/gruene-lk-ks.de\/baunatal\/wp-json\/wp\/v2\/users\/20"}],"replies":[{"embeddable":true,"href":"http:\/\/gruene-lk-ks.de\/baunatal\/wp-json\/wp\/v2\/comments?post=3145"}],"version-history":[{"count":2,"href":"http:\/\/gruene-lk-ks.de\/baunatal\/wp-json\/wp\/v2\/posts\/3145\/revisions"}],"predecessor-version":[{"id":3148,"href":"http:\/\/gruene-lk-ks.de\/baunatal\/wp-json\/wp\/v2\/posts\/3145\/revisions\/3148"}],"wp:featuredmedia":[{"embeddable":true,"href":"http:\/\/gruene-lk-ks.de\/baunatal\/wp-json\/wp\/v2\/media\/3146"}],"wp:attachment":[{"href":"http:\/\/gruene-lk-ks.de\/baunatal\/wp-json\/wp\/v2\/media?parent=3145"}],"wp:term":[{"taxonomy":"category","embeddable":true,"href":"http:\/\/gruene-lk-ks.de\/baunatal\/wp-json\/wp\/v2\/categories?post=3145"},{"taxonomy":"post_tag","embeddable":true,"href":"http:\/\/gruene-lk-ks.de\/baunatal\/wp-json\/wp\/v2\/tags?post=3145"}],"curies":[{"name":"wp","href":"https:\/\/api.w.org\/{rel}","templated":true}]}}