{"id":315,"date":"2015-10-09T14:00:36","date_gmt":"2015-10-09T12:00:36","guid":{"rendered":"http:\/\/gruene-lk-ks.de\/baunatal\/?p=315"},"modified":"2015-10-09T14:00:36","modified_gmt":"2015-10-09T12:00:36","slug":"gruene-wollen-mehr-oekologischen-landbau-in-nordhessen-oeko-modellregion-nordhessen","status":"publish","type":"post","link":"http:\/\/gruene-lk-ks.de\/baunatal\/gruene-wollen-mehr-oekologischen-landbau-in-nordhessen-oeko-modellregion-nordhessen\/","title":{"rendered":"Gr\u00fcne wollen mehr \u00f6kologischen Landbau in Nordhessen. \u201e\u00d6ko-Modellregion Nordhessen\u201c."},"content":{"rendered":"<p>Bericht zur Veranstaltung<\/p>\n<p><strong>Gr\u00fcne wollen mehr \u00f6kologischen Landbau in Nordhessen. \u201e\u00d6ko-Modellregion Nordhessen\u201c.<\/strong><\/p>\n<p>Am Montag, den 14 September, fand im Gasthaus \u201eZum Bahnhof\u201c in Ahnatal Weimar eine Informationsveranstaltung zum Thema \u201e\u00d6kologische Landwirtschaft in Hessen\u201c statt.<br \/>\nEingeladen hatten die Ortsverb\u00e4nde B\u00fcndnis 90\/ Die Gr\u00fcnen aus Ahnatal und Vellmar.<br \/>\nInhaltlich kn\u00fcpft die Thematik an Veranstaltungen im Sommer zur Frage des Pestizideinsatzes und Biodiversit\u00e4t an. Aktuell ging es um die Frage, in welchem Umfang und mit welchen Mitteln \u00a0die hessische Landesregierung die Umstellung auf \u00f6kologischen Landbau f\u00f6rdern kann. Dazu waren aus Wiesbaden die Sprecherin f\u00fcr Landwirtschaft und stellvertretende Fraktionsvorsitzende Martina Feldmayer, die Kasseler gr\u00fcne Landtagsabgeordnete Karin M\u00fcller sowie\u00a0 der\u00a0 Sprecher der \u201eVereinigung \u00f6kologischer Landbau Hessen\u201c, Hans-J\u00fcrgen M\u00fcller, eingeladen.<br \/>\n<a class=\"fancybox\" rel=\"gallery315\" href=\"http:\/\/gruene-lk-ks.de\/baunatal\/files\/2015\/10\/2015_GRUENE_Ahnatal_Landwirtschaft_09-14-003.jpg\"><img loading=\"lazy\" class=\"aligncenter size-large wp-image-316\" src=\"http:\/\/gruene-lk-ks.de\/baunatal\/files\/2015\/10\/2015_GRUENE_Ahnatal_Landwirtschaft_09-14-003-800x640.jpg\" alt=\"2015_GRUENE_Ahnatal_Landwirtschaft_09-14 003\" width=\"783\" height=\"626\" srcset=\"http:\/\/gruene-lk-ks.de\/baunatal\/files\/2015\/10\/2015_GRUENE_Ahnatal_Landwirtschaft_09-14-003-800x640.jpg 800w, http:\/\/gruene-lk-ks.de\/baunatal\/files\/2015\/10\/2015_GRUENE_Ahnatal_Landwirtschaft_09-14-003-400x320.jpg 400w, http:\/\/gruene-lk-ks.de\/baunatal\/files\/2015\/10\/2015_GRUENE_Ahnatal_Landwirtschaft_09-14-003-150x120.jpg 150w, http:\/\/gruene-lk-ks.de\/baunatal\/files\/2015\/10\/2015_GRUENE_Ahnatal_Landwirtschaft_09-14-003.jpg 1677w\" sizes=\"(max-width: 783px) 100vw, 783px\" \/><\/a><br \/>\nFrau Feldmayer berichtete \u00fcber eine Vielzahl von Ma\u00dfnahmen der seit 2014 regierenden Landesregierung bzw. der gr\u00fcnen Landwirtschaftsministerin. U.a. wird das \u201eEinstiegsprogramm\u201c \u00a0in den \u00f6kologischen Landbau \u201eHALM\u201c gef\u00f6rdert, die Aus- und Weiterbildung der Landwirte thematisch angepasst, Beratungsangebote ver\u00e4ndert und die Anzahl der Berater zum \u00f6kologischen Landbau ausgeweitet. Als verbesserungsw\u00fcrdig wurde die Vergabe von neuen Pachtvertr\u00e4gen landeseigener Fl\u00e4chen (Dom\u00e4nen) durch die HLG (Hessische Landgesellschaft) geschildert. Hintergrund dieser Bestrebungen ist der Umstand, dass in Hessen mehr Bio-Produkte verzehrt als produziert werden. Daher soll die \u00f6kologische Landwirtschaft in Hessen im Dialog mit \u00d6ko-Landwirten und konventionellen Landwirten ausgebaut werden. Die Anzahl der Biobetriebe ist seit 2010 von 62 auf 69 gestiegen. Die im gleichen Zeitraum \u00f6kologisch bebauten Fl\u00e4chen nahmen von 2.300 ha auf 3030 ha zu. Ganz aktuell ist in diesem Zusammenhang die Bildung einer vom Land Hessen finanzierten &#8221; \u00d6ko-Modellregion Nordhessen&#8221; gemeinsam mit dem Werra Mei\u00dfner Kreis. Diese soll die Produktion heimischer Bio-Lebensmittel und das Bewusstsein f\u00fcr regionale Identit\u00e4t voranbringen. Solche Modellregionen gibt es bereits in Bayern. Die Auftaktveranstaltung der Modellregion soll noch in diesem Kalenderjahr stattfinden!<\/p>\n","protected":false},"excerpt":{"rendered":"<p>Bericht zur Veranstaltung Gr\u00fcne wollen mehr \u00f6kologischen Landbau in Nordhessen. \u201e\u00d6ko-Modellregion Nordhessen\u201c. Am Montag, den 14 September, fand im Gasthaus \u201eZum Bahnhof\u201c in Ahnatal Weimar eine Informationsveranstaltung zum Thema \u201e\u00d6kologische&#8230; <\/p>\n","protected":false},"author":6,"featured_media":0,"comment_status":"open","ping_status":"open","sticky":false,"template":"","format":"standard","meta":{"ngg_post_thumbnail":0},"categories":[1],"tags":[],"_links":{"self":[{"href":"http:\/\/gruene-lk-ks.de\/baunatal\/wp-json\/wp\/v2\/posts\/315"}],"collection":[{"href":"http:\/\/gruene-lk-ks.de\/baunatal\/wp-json\/wp\/v2\/posts"}],"about":[{"href":"http:\/\/gruene-lk-ks.de\/baunatal\/wp-json\/wp\/v2\/types\/post"}],"author":[{"embeddable":true,"href":"http:\/\/gruene-lk-ks.de\/baunatal\/wp-json\/wp\/v2\/users\/6"}],"replies":[{"embeddable":true,"href":"http:\/\/gruene-lk-ks.de\/baunatal\/wp-json\/wp\/v2\/comments?post=315"}],"version-history":[{"count":1,"href":"http:\/\/gruene-lk-ks.de\/baunatal\/wp-json\/wp\/v2\/posts\/315\/revisions"}],"predecessor-version":[{"id":317,"href":"http:\/\/gruene-lk-ks.de\/baunatal\/wp-json\/wp\/v2\/posts\/315\/revisions\/317"}],"wp:attachment":[{"href":"http:\/\/gruene-lk-ks.de\/baunatal\/wp-json\/wp\/v2\/media?parent=315"}],"wp:term":[{"taxonomy":"category","embeddable":true,"href":"http:\/\/gruene-lk-ks.de\/baunatal\/wp-json\/wp\/v2\/categories?post=315"},{"taxonomy":"post_tag","embeddable":true,"href":"http:\/\/gruene-lk-ks.de\/baunatal\/wp-json\/wp\/v2\/tags?post=315"}],"curies":[{"name":"wp","href":"https:\/\/api.w.org\/{rel}","templated":true}]}}