{"id":3150,"date":"2022-05-30T10:29:48","date_gmt":"2022-05-30T08:29:48","guid":{"rendered":"http:\/\/gruene-lk-ks.de\/baunatal\/?p=3150"},"modified":"2022-05-30T10:29:48","modified_gmt":"2022-05-30T08:29:48","slug":"gruener-stammtisch-mit-bundestagsabgeordneten","status":"publish","type":"post","link":"http:\/\/gruene-lk-ks.de\/baunatal\/gruener-stammtisch-mit-bundestagsabgeordneten\/","title":{"rendered":"GR\u00dcNER  Stammtisch mit Bundestagsabgeordneten"},"content":{"rendered":"\n<p>Am 25.05.2022 fand im Gasthaus Himmel in Schauenburg-Hoof ein \u00f6ffentlicher \u201eGR\u00dcNEN Stammtisch\u201c in Kooperation mit GR\u00dcNEN aus Schauenburg und Baunatal statt. Gast war der Bundestagsabgeordnete der Fraktion B\u00fcndnis 90 \/ Die Gr\u00fcnen <strong><a rel=\"noreferrer noopener\" href=\"https:\/\/www.boris-mijatovic.de\/\" target=\"_blank\">Boris Mijatovic<\/a> <\/strong>aus Kassel, der 2021 f\u00fcr den Wahlkreis 168 in den Bundestag gew\u00e4hlt wurde. Organisiert wurde der Abend vom neu gew\u00e4hlten Fraktionsvorsitzenden der GR\u00dcNEN in der Schauenburger Gemeindeversammlung, Hans-J\u00fcrgen Heinemann. Unter den mehr als 20 G\u00e4sten waren sowohl GR\u00dcNE Mandatstr\u00e4ger*innen, unter Ihnen die GR\u00dcNEN Kreistagsabgeordneten Juliane Kothe, Monika Woizeschke-Br\u00fcck, Edmund Borschel und die Stadtverordneten Franziska B\u00fcnsow und Lothar Rost,\u00a0 als auch weitere Besucher*innen aus Baunatal anwesend.<\/p>\n\n\n\n<figure class=\"wp-block-image size-large\"><a class=\"fancybox\" rel=\"gallery3150\" href=\"http:\/\/gruene-lk-ks.de\/baunatal\/files\/2022\/05\/Boris-1-scaled-e1653899253917.jpg\"><img loading=\"lazy\" width=\"800\" height=\"418\" src=\"http:\/\/gruene-lk-ks.de\/baunatal\/files\/2022\/05\/Boris-1-scaled-e1653899253917-800x418.jpg\" alt=\"Informationen aus dem Bundestag f\u00fchrten zu interessanten Gespr\u00e4chen\" class=\"wp-image-3152\" srcset=\"http:\/\/gruene-lk-ks.de\/baunatal\/files\/2022\/05\/Boris-1-scaled-e1653899253917-800x418.jpg 800w, http:\/\/gruene-lk-ks.de\/baunatal\/files\/2022\/05\/Boris-1-scaled-e1653899253917-400x209.jpg 400w, http:\/\/gruene-lk-ks.de\/baunatal\/files\/2022\/05\/Boris-1-scaled-e1653899253917-768x401.jpg 768w, http:\/\/gruene-lk-ks.de\/baunatal\/files\/2022\/05\/Boris-1-scaled-e1653899253917-1536x802.jpg 1536w, http:\/\/gruene-lk-ks.de\/baunatal\/files\/2022\/05\/Boris-1-scaled-e1653899253917-2048x1070.jpg 2048w, http:\/\/gruene-lk-ks.de\/baunatal\/files\/2022\/05\/Boris-1-scaled-e1653899253917-150x78.jpg 150w\" sizes=\"(max-width: 800px) 100vw, 800px\" \/><\/a><figcaption>Informationen aus dem Bundestag f\u00fchrten zu interessanten Gespr\u00e4chen<\/figcaption><\/figure>\n\n\n\n<p>Boris berichtete von seiner Arbeit in Berlin als <strong>Fraktionssprecher f\u00fcr Menschenrechtspolitik <\/strong>im Bereich V\u00f6lkerrecht und aktiv am Internationalen Gerichtshof bei der Verfolgung von Kriegsverbrechen. Als Mitglied des Ausschusses f\u00fcr Angelegenheiten der Europ\u00e4ischen Union f\u00fchrt er ebenfalls Gespr\u00e4che \u00fcber Beitrittsperspektiven f\u00fcr Staaten im Westbalkan.<\/p>\n\n\n\n<p>Bei Fragen der G\u00e4ste wurde \u00fcber H\u00fcrden bei der Installation und beim Betrieb von PV-Anlagen, wenn diese wegen der begrenzten Netzinfrastruktur \u201cruntergeregelt\u201c werden. So gelingt die Energiewende kaum. Weiter gro\u00dfe Probleme sind die momentan eingeschr\u00e4nkte Lieferung von Modulen, der drastische Preisanstieg bei wichtigen Bauteilen aber auch der Fachkr\u00e4ftemangel im Handwerk. Um die Energiewende zu befl\u00fcgeln\u00a0 brauchen wir mehr Anstrengungen im Bereich Energiesparen und beim Ausbau der erneuerbaren Energien.<\/p>\n\n\n\n<p>Eine Frage der Besucher war auch, wie wir junge Menschen f\u00fcr Politik begeistern und zur Mitarbeit motivieren k\u00f6nnen. Fazit: Projektbezogen arbeiten sie gern an Umwelt-, Zukunfts- und Jugendthemen. Notwendig sind aber bessere\u00a0 Beteiligungsm\u00f6glichkeiten z. B.\u00a0 in Jugendparlamenten, wenn sie denn eingerichtet wurden.<\/p>\n\n\n\n<p>Am Ende des Abends waren sich beim Res\u00fcmee alle einig, \u201cdas Format stimmt, es wird Wiederholungen geben mit weiteren interessanten Themen, um mit den B\u00fcrger*innen im Gespr\u00e4ch zu bleiben\u201c.<\/p>\n\n\n\n<figure class=\"wp-block-image size-large\"><a class=\"fancybox\" rel=\"gallery3150\" href=\"http:\/\/gruene-lk-ks.de\/baunatal\/files\/2022\/05\/Boris-3-scaled.jpg\"><img loading=\"lazy\" width=\"800\" height=\"533\" src=\"http:\/\/gruene-lk-ks.de\/baunatal\/files\/2022\/05\/Boris-3-800x533.jpg\" alt=\"aufmerksames Zuh\u00f6ren\" class=\"wp-image-3153\" srcset=\"http:\/\/gruene-lk-ks.de\/baunatal\/files\/2022\/05\/Boris-3-800x533.jpg 800w, http:\/\/gruene-lk-ks.de\/baunatal\/files\/2022\/05\/Boris-3-400x267.jpg 400w, http:\/\/gruene-lk-ks.de\/baunatal\/files\/2022\/05\/Boris-3-768x512.jpg 768w, http:\/\/gruene-lk-ks.de\/baunatal\/files\/2022\/05\/Boris-3-1536x1024.jpg 1536w, http:\/\/gruene-lk-ks.de\/baunatal\/files\/2022\/05\/Boris-3-2048x1365.jpg 2048w, http:\/\/gruene-lk-ks.de\/baunatal\/files\/2022\/05\/Boris-3-150x100.jpg 150w\" sizes=\"(max-width: 800px) 100vw, 800px\" \/><\/a><\/figure>\n","protected":false},"excerpt":{"rendered":"<p>Am 25.05.2022 fand im Gasthaus Himmel in Schauenburg-Hoof ein \u00f6ffentlicher \u201eGR\u00dcNEN Stammtisch\u201c in Kooperation mit GR\u00dcNEN aus Schauenburg und Baunatal statt. Gast war der Bundestagsabgeordnete der Fraktion B\u00fcndnis 90 \/&#8230; <\/p>\n","protected":false},"author":20,"featured_media":3151,"comment_status":"closed","ping_status":"open","sticky":false,"template":"","format":"standard","meta":{"ngg_post_thumbnail":0},"categories":[1],"tags":[],"_links":{"self":[{"href":"http:\/\/gruene-lk-ks.de\/baunatal\/wp-json\/wp\/v2\/posts\/3150"}],"collection":[{"href":"http:\/\/gruene-lk-ks.de\/baunatal\/wp-json\/wp\/v2\/posts"}],"about":[{"href":"http:\/\/gruene-lk-ks.de\/baunatal\/wp-json\/wp\/v2\/types\/post"}],"author":[{"embeddable":true,"href":"http:\/\/gruene-lk-ks.de\/baunatal\/wp-json\/wp\/v2\/users\/20"}],"replies":[{"embeddable":true,"href":"http:\/\/gruene-lk-ks.de\/baunatal\/wp-json\/wp\/v2\/comments?post=3150"}],"version-history":[{"count":1,"href":"http:\/\/gruene-lk-ks.de\/baunatal\/wp-json\/wp\/v2\/posts\/3150\/revisions"}],"predecessor-version":[{"id":3154,"href":"http:\/\/gruene-lk-ks.de\/baunatal\/wp-json\/wp\/v2\/posts\/3150\/revisions\/3154"}],"wp:featuredmedia":[{"embeddable":true,"href":"http:\/\/gruene-lk-ks.de\/baunatal\/wp-json\/wp\/v2\/media\/3151"}],"wp:attachment":[{"href":"http:\/\/gruene-lk-ks.de\/baunatal\/wp-json\/wp\/v2\/media?parent=3150"}],"wp:term":[{"taxonomy":"category","embeddable":true,"href":"http:\/\/gruene-lk-ks.de\/baunatal\/wp-json\/wp\/v2\/categories?post=3150"},{"taxonomy":"post_tag","embeddable":true,"href":"http:\/\/gruene-lk-ks.de\/baunatal\/wp-json\/wp\/v2\/tags?post=3150"}],"curies":[{"name":"wp","href":"https:\/\/api.w.org\/{rel}","templated":true}]}}