{"id":3181,"date":"2022-09-28T12:03:00","date_gmt":"2022-09-28T10:03:00","guid":{"rendered":"http:\/\/gruene-lk-ks.de\/baunatal\/?p=3181"},"modified":"2022-10-16T12:07:15","modified_gmt":"2022-10-16T10:07:15","slug":"besuch-vom-hessischen-wirtschaftsminister-tarek-al-wazir-in-baunatal","status":"publish","type":"post","link":"http:\/\/gruene-lk-ks.de\/baunatal\/besuch-vom-hessischen-wirtschaftsminister-tarek-al-wazir-in-baunatal\/","title":{"rendered":"Besuch vom hessischen Wirtschaftsminister Tarek Al-Wazir in Baunatal"},"content":{"rendered":"\n<p>Auf seiner Sommertour besuchte der hessische GR\u00dcNE&nbsp; Wirtschaftsminister <strong>Tarek Al-Wazir<\/strong><\/p>\n\n\n\n<p>Ende August 2022 die Firma Hofeditz Industriedienstleistungen GmbH im Industriegebiet \u201eDas Linn\u201c in Baunatal-Kirchbauna, ein mittelst\u00e4ndisches Unternehmen mit ca. 120 Besch\u00e4ftigten.<\/p>\n\n\n\n<p>Die Firma Hofeditz hat sich auf Reinigungs- und Sanierungsarbeiten spezialisiert und durch Umstellung auf Laserlicht \u2013 Verfahren, das vom Land Hessen per Anschubfinanzierung bei der Anschaffung der ersten Maschine gef\u00f6rdert wurde, den Energiebedarf um 60 % gesenkt. Diese innovative und umweltfreundliche Laserreinigung (der Laserstrahl entfernt bei geringem Energieeinsatz die Deckschicht besch\u00e4digungsfrei durch Verdampfen, und die Schadstoffe werden abgesaugt) erm\u00f6glicht eine starke Reduzierung der Umweltbelastungen neben der hohen Energieeffizienz. Die Firma Hofeditz hat aus \u00dcberzeugung vom System inzwischen 5 mobile Maschinen im Einsatz, deren Anschaffungskosten bei ca. 250.000 Euro je Maschine liegen.<\/p>\n\n\n\n<p>Der Gesch\u00e4ftsf\u00fchrer, Herr <strong>Lars Kossack<\/strong>, und seine drei Mitarbeiter f\u00fchrten die GR\u00dcNE Besuchergruppe, die interessehalber noch vom Schauenburger SPD Landtagsabgeordneten <strong>Florian Schneider<\/strong> begleitet wurde,&nbsp; durch die Werkhalle und erl\u00e4uterten die auf Nachhaltigkeit ausgerichteten&nbsp; Prozesse in der Industriereinigung und der Bauteilpr\u00fcfung. Die zu pr\u00fcfenden Bauteile werden \u00fcberwiegend vom benachbarten VW Werk oder der Fa. Hanomag (ehemals Finoba) geliefert.<\/p>\n\n\n\n<p>Von Seiten der GR\u00dcNEN nahmen die hessische Landtagsabgeordnete und Vizepr\u00e4sidentin des Landtags <strong>Karin M\u00fcller<\/strong>, vom Landkreis Kassel der hauptamtliche Kreisbeigeordnete <strong>Thomas Ackermann<\/strong> und der Kreistagsfraktionsvorsitzende <strong>Dr. Thomas Gudehus<\/strong>,&nbsp; sowie aus Baunatal der dortige Fraktionsvorsitzende <strong>Edmund Borschel<\/strong> und sein Stellvertreter <strong>Lothar Rost<\/strong> teil.<\/p>\n\n\n\n<p>Bei einem anschlie\u00dfenden Gespr\u00e4ch haben uns Herr Kossack und seine Mitarbeiter neben einer Reihe sozial-, umwelt- und wirtschaftspolitischer Themen&nbsp; besonders auf Probleme beim Fachkr\u00e4ftemangel und bei den massiv steigenden Energiekosten hingewiesen. Da dem Unternehmen statt 120.000 \u20ac&nbsp; pro Jahr k\u00fcnftig Energiekostensteigerungen auf fast 500.000 \u20ac drohen, kann dies zu gro\u00dfen Verwerfungen bei neuen Preisverhandlungen mit den Kunden f\u00fchren, weil die Arbeit aus den bestehenden Vertr\u00e4gen nicht zu schultern ist. Daher wird seit einiger Zeit \u00fcber die&nbsp; Installation einer PV-Anlage auf dem Dach der Produktionsst\u00e4tte nachgedacht, um die Energiekosten weiter zu senken. Probleme hierbei: aktuell Lieferengp\u00e4sse bei Solarpanels und \u00dcberlastung der Fachfirmen.<\/p>\n\n\n\n<p>Die GR\u00dcNEN bedanken sich f\u00fcr den Einblick in dieses innovative und auf Nachhaltigkeit ausgerichtete Gesch\u00e4ftsfeld eines regionalen Unternehmens.<\/p>\n\n\n\n<figure class=\"wp-block-image size-large\"><a class=\"fancybox\" rel=\"gallery3181\" href=\"http:\/\/gruene-lk-ks.de\/baunatal\/files\/2022\/10\/2022_PM_September-1_Foto-2-scaled.jpg\"><img loading=\"lazy\" width=\"800\" height=\"450\" src=\"http:\/\/gruene-lk-ks.de\/baunatal\/files\/2022\/10\/2022_PM_September-1_Foto-2-800x450.jpg\" alt=\"Tarek Al-Wazir in Baunatal\" class=\"wp-image-3182\" srcset=\"http:\/\/gruene-lk-ks.de\/baunatal\/files\/2022\/10\/2022_PM_September-1_Foto-2-800x450.jpg 800w, http:\/\/gruene-lk-ks.de\/baunatal\/files\/2022\/10\/2022_PM_September-1_Foto-2-400x225.jpg 400w, http:\/\/gruene-lk-ks.de\/baunatal\/files\/2022\/10\/2022_PM_September-1_Foto-2-768x432.jpg 768w, http:\/\/gruene-lk-ks.de\/baunatal\/files\/2022\/10\/2022_PM_September-1_Foto-2-1536x864.jpg 1536w, http:\/\/gruene-lk-ks.de\/baunatal\/files\/2022\/10\/2022_PM_September-1_Foto-2-2048x1152.jpg 2048w, http:\/\/gruene-lk-ks.de\/baunatal\/files\/2022\/10\/2022_PM_September-1_Foto-2-150x84.jpg 150w\" sizes=\"(max-width: 800px) 100vw, 800px\" \/><\/a><figcaption>Tarek Al-Wazir in Baunatal<\/figcaption><\/figure>\n","protected":false},"excerpt":{"rendered":"<p>Auf seiner Sommertour besuchte der hessische GR\u00dcNE&nbsp; Wirtschaftsminister Tarek Al-Wazir Ende August 2022 die Firma Hofeditz Industriedienstleistungen GmbH im Industriegebiet \u201eDas Linn\u201c in Baunatal-Kirchbauna, ein mittelst\u00e4ndisches Unternehmen mit ca. 120&#8230; <\/p>\n","protected":false},"author":20,"featured_media":3183,"comment_status":"closed","ping_status":"open","sticky":false,"template":"","format":"standard","meta":{"ngg_post_thumbnail":0},"categories":[1],"tags":[],"_links":{"self":[{"href":"http:\/\/gruene-lk-ks.de\/baunatal\/wp-json\/wp\/v2\/posts\/3181"}],"collection":[{"href":"http:\/\/gruene-lk-ks.de\/baunatal\/wp-json\/wp\/v2\/posts"}],"about":[{"href":"http:\/\/gruene-lk-ks.de\/baunatal\/wp-json\/wp\/v2\/types\/post"}],"author":[{"embeddable":true,"href":"http:\/\/gruene-lk-ks.de\/baunatal\/wp-json\/wp\/v2\/users\/20"}],"replies":[{"embeddable":true,"href":"http:\/\/gruene-lk-ks.de\/baunatal\/wp-json\/wp\/v2\/comments?post=3181"}],"version-history":[{"count":1,"href":"http:\/\/gruene-lk-ks.de\/baunatal\/wp-json\/wp\/v2\/posts\/3181\/revisions"}],"predecessor-version":[{"id":3184,"href":"http:\/\/gruene-lk-ks.de\/baunatal\/wp-json\/wp\/v2\/posts\/3181\/revisions\/3184"}],"wp:featuredmedia":[{"embeddable":true,"href":"http:\/\/gruene-lk-ks.de\/baunatal\/wp-json\/wp\/v2\/media\/3183"}],"wp:attachment":[{"href":"http:\/\/gruene-lk-ks.de\/baunatal\/wp-json\/wp\/v2\/media?parent=3181"}],"wp:term":[{"taxonomy":"category","embeddable":true,"href":"http:\/\/gruene-lk-ks.de\/baunatal\/wp-json\/wp\/v2\/categories?post=3181"},{"taxonomy":"post_tag","embeddable":true,"href":"http:\/\/gruene-lk-ks.de\/baunatal\/wp-json\/wp\/v2\/tags?post=3181"}],"curies":[{"name":"wp","href":"https:\/\/api.w.org\/{rel}","templated":true}]}}