{"id":3185,"date":"2022-10-05T12:09:00","date_gmt":"2022-10-05T10:09:00","guid":{"rendered":"http:\/\/gruene-lk-ks.de\/baunatal\/?p=3185"},"modified":"2022-10-16T12:10:35","modified_gmt":"2022-10-16T10:10:35","slug":"gruene-baunatal-luden-ein-zur-jahreshauptversammlung","status":"publish","type":"post","link":"http:\/\/gruene-lk-ks.de\/baunatal\/gruene-baunatal-luden-ein-zur-jahreshauptversammlung\/","title":{"rendered":"GR\u00dcNE Baunatal luden ein zur Jahreshauptversammlung"},"content":{"rendered":"\n<p>Ende September tagten die GR\u00dcNEN Baunatal im Cafe Atempause in der KSV-Sportwelt, um nach vielen Monaten des Wartens sich wieder einmal in etwas gr\u00f6\u00dferes Runde und in Pr\u00e4senz auszutauschen. Es standen mehrere Themen an wie Neuwahl des Vorstands, Vorstellen neuer GR\u00dcNER Mitglieder, Berichte aus der GR\u00dcNEN Stadtverordnetenfraktion, der Kreistagsfraktion und dem Kreisvorstand. Eingebettet war alles in ein leckeres Fr\u00fchst\u00fccksbuffet, zu dem alle Mitglieder eingeladen waren.<\/p>\n\n\n\n<p>Ein ausf\u00fchrlicher Bericht von der Versammlung wird in der kommenden BN ver\u00f6ffentlicht. Hier erfolgt nur ein kurzer Abriss und die W\u00fcrdigung der ausgeschiedenen Vorstandssprecher.<\/p>\n\n\n\n<p>Unter dem TOP Antr\u00e4ge wurden 2 Antr\u00e4ge zur Satzungs\u00e4nderung gestellt, um der gewachsenen Mitgliederzahl besser gerecht zu werden. Gleichzeitig will sich der GR\u00dcNE Ortsverband inhaltlich breiter aufstellen. Zur n\u00e4heren Beratung wurden diese Antr\u00e4ge an den neugew\u00e4hlten Vorstand \u00fcberwiesen, um sie noch einmal substantiell zu \u00fcberarbeiten.<\/p>\n\n\n\n<p>Nach Berichten des alten Vorstands, <strong>Juliane Kothe<\/strong> und <strong>Lothar Rost <\/strong>und des Schatzmeisters <strong>J\u00fcrgen B\u00f6hme<\/strong>, incl. deren Entlastung, sowie vom Baunataler Fraktionsvorsitzenden <strong>Edmund<\/strong> <strong>Borschel<\/strong> erfolgte die Wahl des neuen Vorstands.<\/p>\n\n\n\n<p>Erfreulich dabei, dass es einen Wechsel gibt und die beiden neugew\u00e4hlten und gleichberechtigten Sprecherinnen der GR\u00dcNEN Baunatal, <strong>Gerhild Tuchan<\/strong> und <strong>Monika Woizeschke-Br\u00fcck<\/strong>, nun eine <strong>weibliche Doppelspitze<\/strong> bilden. Beide neuen Sprecherinnen werden kommende Woche vorgestellt. Zum neuen Schatzmeister wurde <strong>Lothar Rost <\/strong>gew\u00e4hlt, der damit ein St\u00fcck weit Kontinuit\u00e4t im Vorstand garantiert. Den erweiterten Vorstand bilden die vier Beisitzer*innen <strong>Franziska B\u00fcnsow, Edith Siegk, Edmund Borschel und Florian Pfeiffer.<\/strong><\/p>\n\n\n\n<p>Den beiden ehemaligen Vorstandssprecher\/-in Juliane Kothe und Lothar Rost sowie dem Schatzmeister J\u00fcrgen B\u00f6hme wurde anschlie\u00dfend ganz herzlich f\u00fcr ihre langj\u00e4hrige T\u00e4tigkeit im Dienste der Partei in diesen Funktionen gedankt. Politisch aktiv bleiben alle Drei weiterhin f\u00fcr die GR\u00dcNEN in Magistrat und Stadtverordnetenversammlung.<\/p>\n","protected":false},"excerpt":{"rendered":"<p>Ende September tagten die GR\u00dcNEN Baunatal im Cafe Atempause in der KSV-Sportwelt, um nach vielen Monaten des Wartens sich wieder einmal in etwas gr\u00f6\u00dferes Runde und in Pr\u00e4senz auszutauschen. Es&#8230; <\/p>\n","protected":false},"author":20,"featured_media":3186,"comment_status":"closed","ping_status":"open","sticky":false,"template":"","format":"standard","meta":{"ngg_post_thumbnail":0},"categories":[1],"tags":[],"_links":{"self":[{"href":"http:\/\/gruene-lk-ks.de\/baunatal\/wp-json\/wp\/v2\/posts\/3185"}],"collection":[{"href":"http:\/\/gruene-lk-ks.de\/baunatal\/wp-json\/wp\/v2\/posts"}],"about":[{"href":"http:\/\/gruene-lk-ks.de\/baunatal\/wp-json\/wp\/v2\/types\/post"}],"author":[{"embeddable":true,"href":"http:\/\/gruene-lk-ks.de\/baunatal\/wp-json\/wp\/v2\/users\/20"}],"replies":[{"embeddable":true,"href":"http:\/\/gruene-lk-ks.de\/baunatal\/wp-json\/wp\/v2\/comments?post=3185"}],"version-history":[{"count":1,"href":"http:\/\/gruene-lk-ks.de\/baunatal\/wp-json\/wp\/v2\/posts\/3185\/revisions"}],"predecessor-version":[{"id":3187,"href":"http:\/\/gruene-lk-ks.de\/baunatal\/wp-json\/wp\/v2\/posts\/3185\/revisions\/3187"}],"wp:featuredmedia":[{"embeddable":true,"href":"http:\/\/gruene-lk-ks.de\/baunatal\/wp-json\/wp\/v2\/media\/3186"}],"wp:attachment":[{"href":"http:\/\/gruene-lk-ks.de\/baunatal\/wp-json\/wp\/v2\/media?parent=3185"}],"wp:term":[{"taxonomy":"category","embeddable":true,"href":"http:\/\/gruene-lk-ks.de\/baunatal\/wp-json\/wp\/v2\/categories?post=3185"},{"taxonomy":"post_tag","embeddable":true,"href":"http:\/\/gruene-lk-ks.de\/baunatal\/wp-json\/wp\/v2\/tags?post=3185"}],"curies":[{"name":"wp","href":"https:\/\/api.w.org\/{rel}","templated":true}]}}