{"id":3188,"date":"2022-10-12T12:11:00","date_gmt":"2022-10-12T10:11:00","guid":{"rendered":"http:\/\/gruene-lk-ks.de\/baunatal\/?p=3188"},"modified":"2022-10-16T12:21:25","modified_gmt":"2022-10-16T10:21:25","slug":"gruene-baunatal-waehlen-neuen-ortsverbandsvorstand","status":"publish","type":"post","link":"http:\/\/gruene-lk-ks.de\/baunatal\/gruene-baunatal-waehlen-neuen-ortsverbandsvorstand\/","title":{"rendered":"GR\u00dcNE Baunatal w\u00e4hlen neuen Ortsverbandsvorstand"},"content":{"rendered":"\n<p>In ihrer Mitgliederversammlung haben die GR\u00dcNEN Baunatal einen neuen Vorstand gew\u00e4hlt.<\/p>\n\n\n\n<p>Im neuen GR\u00dcNEN Ortsverbandsvorstand sind erstmalig 4 Ortsteile vertreten, die Altersstruktur ist bunter, auch die Balance zwischen ehrenamtlich t\u00e4tigen Baunataler Stadtverordneten und \u201cMitgliedern\u201c ist ausgewogener. Besonders erfreulich ist dabei, dass es beim Sprecherduo einen Wechsel gibt mit den beiden neugew\u00e4hlten und gleichberechtigten Sprecherinnen der GR\u00dcNEN Baunatal, <strong>Gerhild Tuchan<\/strong> und <strong>Monika Woizeschke-Br\u00fcck<\/strong>, die jetzt eine <strong>weibliche Doppelspitze<\/strong> bilden.<\/p>\n\n\n\n<p>Gerhild Tuchan (53 Jahre alt) aus Altenbauna ist Richterin in Kassel, verbrachte hier ihre Kindheit und Jugend und ist aus beruflichen Gr\u00fcnden wieder nach Baunatal zur\u00fcckgekehrt. Im KSV Baunatal, Sparte Badminton, war sie fr\u00fcher einige Jahre sportlich sehr aktiv. Sie ist nicht nur \u00fcberzeugte und begeisterte Demokratin, sondern sieht die GR\u00dcNEN auch als &#8220;Mitmachpartei&#8221;, freut sich auf Mitgestaltung z.B. in den Bereichen \u00d6PNV, Fl\u00e4chenentsiegelung, \u00d6ffnungszeiten und Nutzungsm\u00f6glichkeiten der B\u00e4der.<\/p>\n\n\n\n<p>Ihre Co-Vorsitzende, Diplom P\u00e4dagogin Monika Woizeschke-Br\u00fcck ist aktuell GR\u00dcNE Kreistagsabgeordnete, lebt seit einiger Zeit in Gro\u00dfenritte und ist seit vielen Jahren in verschiedenen Funktionen f\u00fcr die GR\u00dcNEN aktiv. Diesen Erfahrungsschatz m\u00f6chte sie in die Sprecherinnenarbeit einbringen.<\/p>\n\n\n\n<p>Der Vorstand wird komplettiert mit dem neuen Schatzmeister <strong>Lothar Rost (Stadtverordneter\/Gro\u00dfenritte)<\/strong>, der damit ein St\u00fcck weit Kontinuit\u00e4t im Vorstand garantiert. Den erweiterten Vorstand bilden die vier Beisitzer*innen <strong>Franziska B\u00fcnsow (Stadtverordnete aus Altenritte), Edith Siegk (Mitglied aus Rengershausen), Edmund Borschel (Stadtverordneter\/Altenritte) und Florian Pfeiffer (Stadtverordneter\/Rengershausen).<\/strong><\/p>\n\n\n\n<figure class=\"wp-block-image size-large\"><a class=\"fancybox\" rel=\"gallery3188\" href=\"http:\/\/gruene-lk-ks.de\/baunatal\/files\/2022\/10\/IMG_7491-scaled.jpg\"><img loading=\"lazy\" width=\"800\" height=\"533\" src=\"http:\/\/gruene-lk-ks.de\/baunatal\/files\/2022\/10\/IMG_7491-800x533.jpg\" alt=\"Mitglieder und Freunde in der KSV Sportwelt\" class=\"wp-image-3189\" srcset=\"http:\/\/gruene-lk-ks.de\/baunatal\/files\/2022\/10\/IMG_7491-800x533.jpg 800w, http:\/\/gruene-lk-ks.de\/baunatal\/files\/2022\/10\/IMG_7491-400x267.jpg 400w, http:\/\/gruene-lk-ks.de\/baunatal\/files\/2022\/10\/IMG_7491-768x512.jpg 768w, http:\/\/gruene-lk-ks.de\/baunatal\/files\/2022\/10\/IMG_7491-1536x1024.jpg 1536w, http:\/\/gruene-lk-ks.de\/baunatal\/files\/2022\/10\/IMG_7491-2048x1365.jpg 2048w, http:\/\/gruene-lk-ks.de\/baunatal\/files\/2022\/10\/IMG_7491-150x100.jpg 150w\" sizes=\"(max-width: 800px) 100vw, 800px\" \/><\/a><figcaption>Mitglieder und Freunde in der KSV Sportwelt<\/figcaption><\/figure>\n\n\n\n<p>Inhaltlich ging es in der Mitgliederversammlung nicht nur um die Neuwahl des Vorstandes, sondern auch um die Frage, wie alle GR\u00dcNEN Mitglieder besser in die parlamentarische Arbeit der Fraktion eingebunden werden k\u00f6nnen. Gleichzeitig erhielt der neugew\u00e4hlte Vorstand den Auftrag, Ideen zu entwickeln, wie die in den letzten Monaten in Baunatal mitgliederm\u00e4\u00dfig stark gewachsenen GR\u00dcNEN als Ortsverein in die Stadtgesellschaft hinein besser wirken k\u00f6nnen.<\/p>\n\n\n\n<p>Diesen Auftrag nimmt der neue Vorstand gerne an. Mit mehr und neuen Mitgliedern wollen wir den sp\u00fcrbaren Schwung nutzen, um die Arbeit des Ortsverbandes so zu beleben, dass dort Neues gedacht, diskutiert und auch geplant werden kann. Wir wollen auch gerne ein Ohr f\u00fcr das zu haben, was uns Baunataler*innen wichtig ist. Deshalb haben wir beschlossen, ab jetzt einen Gr\u00fcnen Stammtisch (Ank\u00fcndigung jeweils gesondert) anzubieten, zu dem alle gerne eingeladen sind zum Quatschen, Meckern, Streiten, Ideen geben und Entspannen.<\/p>\n\n\n\n<div class=\"wp-block-columns\">\n<div class=\"wp-block-column\" style=\"flex-basis:100%\">\n<figure class=\"wp-block-image size-large\"><a class=\"fancybox\" rel=\"gallery3188\" href=\"http:\/\/gruene-lk-ks.de\/baunatal\/files\/2022\/10\/IMG_7495-scaled.jpg\"><img loading=\"lazy\" width=\"800\" height=\"533\" src=\"http:\/\/gruene-lk-ks.de\/baunatal\/files\/2022\/10\/IMG_7495-800x533.jpg\" alt=\"\" class=\"wp-image-3191\" srcset=\"http:\/\/gruene-lk-ks.de\/baunatal\/files\/2022\/10\/IMG_7495-800x533.jpg 800w, http:\/\/gruene-lk-ks.de\/baunatal\/files\/2022\/10\/IMG_7495-400x267.jpg 400w, http:\/\/gruene-lk-ks.de\/baunatal\/files\/2022\/10\/IMG_7495-768x512.jpg 768w, http:\/\/gruene-lk-ks.de\/baunatal\/files\/2022\/10\/IMG_7495-1536x1024.jpg 1536w, http:\/\/gruene-lk-ks.de\/baunatal\/files\/2022\/10\/IMG_7495-2048x1365.jpg 2048w, http:\/\/gruene-lk-ks.de\/baunatal\/files\/2022\/10\/IMG_7495-150x100.jpg 150w\" sizes=\"(max-width: 800px) 100vw, 800px\" \/><\/a><\/figure>\n<\/div>\n<\/div>\n\n\n\n<p>Den ausgeschiedenen Vorstandsmitgliedern dankt der Vorstand ganz herzlich f\u00fcr die jahrelange oft m\u00fchsame K\u00e4rrnerarbeit, die zudem oft unter der Doppelbelastung von Fraktionsarbeit und Arbeit im Ortsverband geleistet wurde.<\/p>\n","protected":false},"excerpt":{"rendered":"<p>In ihrer Mitgliederversammlung haben die GR\u00dcNEN Baunatal einen neuen Vorstand gew\u00e4hlt. Im neuen GR\u00dcNEN Ortsverbandsvorstand sind erstmalig 4 Ortsteile vertreten, die Altersstruktur ist bunter, auch die Balance zwischen ehrenamtlich t\u00e4tigen&#8230; <\/p>\n","protected":false},"author":20,"featured_media":3190,"comment_status":"closed","ping_status":"open","sticky":false,"template":"","format":"standard","meta":{"ngg_post_thumbnail":0},"categories":[1],"tags":[],"_links":{"self":[{"href":"http:\/\/gruene-lk-ks.de\/baunatal\/wp-json\/wp\/v2\/posts\/3188"}],"collection":[{"href":"http:\/\/gruene-lk-ks.de\/baunatal\/wp-json\/wp\/v2\/posts"}],"about":[{"href":"http:\/\/gruene-lk-ks.de\/baunatal\/wp-json\/wp\/v2\/types\/post"}],"author":[{"embeddable":true,"href":"http:\/\/gruene-lk-ks.de\/baunatal\/wp-json\/wp\/v2\/users\/20"}],"replies":[{"embeddable":true,"href":"http:\/\/gruene-lk-ks.de\/baunatal\/wp-json\/wp\/v2\/comments?post=3188"}],"version-history":[{"count":2,"href":"http:\/\/gruene-lk-ks.de\/baunatal\/wp-json\/wp\/v2\/posts\/3188\/revisions"}],"predecessor-version":[{"id":3193,"href":"http:\/\/gruene-lk-ks.de\/baunatal\/wp-json\/wp\/v2\/posts\/3188\/revisions\/3193"}],"wp:featuredmedia":[{"embeddable":true,"href":"http:\/\/gruene-lk-ks.de\/baunatal\/wp-json\/wp\/v2\/media\/3190"}],"wp:attachment":[{"href":"http:\/\/gruene-lk-ks.de\/baunatal\/wp-json\/wp\/v2\/media?parent=3188"}],"wp:term":[{"taxonomy":"category","embeddable":true,"href":"http:\/\/gruene-lk-ks.de\/baunatal\/wp-json\/wp\/v2\/categories?post=3188"},{"taxonomy":"post_tag","embeddable":true,"href":"http:\/\/gruene-lk-ks.de\/baunatal\/wp-json\/wp\/v2\/tags?post=3188"}],"curies":[{"name":"wp","href":"https:\/\/api.w.org\/{rel}","templated":true}]}}