{"id":319,"date":"2015-10-25T13:44:26","date_gmt":"2015-10-25T11:44:26","guid":{"rendered":"http:\/\/gruene-lk-ks.de\/baunatal\/?p=319"},"modified":"2015-12-08T15:06:02","modified_gmt":"2015-12-08T13:06:02","slug":"gruene-baunatal-laden-ein-zum-kuerbisfest-am-30-10-15","status":"publish","type":"post","link":"http:\/\/gruene-lk-ks.de\/baunatal\/gruene-baunatal-laden-ein-zum-kuerbisfest-am-30-10-15\/","title":{"rendered":"GR\u00dcNE Baunatal laden ein zum K\u00fcrbisfest am 30.10.15"},"content":{"rendered":"<p style=\"text-align: right\"><b>22.10. 2015<\/b><\/p>\n<p><b> Pressemitteilung <\/b><\/p>\n<p><b>GR\u00dcNE Baunatal laden ein zum K\u00fcrbisfest am 30.10.15<\/b><\/p>\n<p><b>Am Vorabend von Halloween, also am Freitag den 30.10.2015 ab 17 Uhr, laden die GR\u00dcNEN Baunatal ein <\/b>zum<b> <\/b>K\u00fcrbisfest bei Juliane Kothe in Baunatal-Guntershausen, An der Wasserm\u00fchle. Die Einfahrt befindet sich direkt unter dem Eisenbahn-Viadukt in der Ortsmitte neben dem Kiosk.<\/p>\n<p>Alle MitgliederInnen, Freunde und SympathisantInnen sollen bei hei\u00dfer K\u00fcrbiskernsuppe, geschnitzten und dekorierten K\u00fcrbissen, Gegrilltem, Brat\u00e4pfeln und weiteren Leckereien auf den Herbst und die bevorstehende Kommunalwahl 2016 eingestimmt werden. Stadtverordnete der aktuellen Baunataler GR\u00dcNEN Fraktion stehen neben guter Stimmung und Unterhaltung\u00a0 f\u00fcr einen Gedankenaustausch zu ihrer Arbeit zur Verf\u00fcgung. Dar\u00fcber hinaus wird berichtet \u00fcber die aktuelle Krise bei VW und ihre Auswirkungen auf die Gewerbesteuereinnahmen der Stadt in den kommenden Jahren sowie die neue Fl\u00fcchtlingsunterkunft in Baunatal-Hertingshausen.<\/p>\n<div id=\"attachment_320\" class=\"wp-caption aligncenter\" style=\"width: 783px\"><a class=\"fancybox\" rel=\"gallery319\" href=\"http:\/\/gruene-lk-ks.de\/baunatal\/files\/2015\/10\/3B05E829-82C7-4AFC-9A0D-7E02E054C5D22014_GR\u00dcNE_Baunatal_Guntershausen_07-31-041.jpg\"><img loading=\"lazy\" class=\"size-large wp-image-320\" src=\"http:\/\/gruene-lk-ks.de\/baunatal\/files\/2015\/10\/3B05E829-82C7-4AFC-9A0D-7E02E054C5D22014_GR\u00dcNE_Baunatal_Guntershausen_07-31-041-800x533.jpg\" alt=\"Sommerfest 2014 bei Juliane im Garten\" width=\"783\" height=\"522\" srcset=\"http:\/\/gruene-lk-ks.de\/baunatal\/files\/2015\/10\/3B05E829-82C7-4AFC-9A0D-7E02E054C5D22014_GR\u00dcNE_Baunatal_Guntershausen_07-31-041-800x533.jpg 800w, http:\/\/gruene-lk-ks.de\/baunatal\/files\/2015\/10\/3B05E829-82C7-4AFC-9A0D-7E02E054C5D22014_GR\u00dcNE_Baunatal_Guntershausen_07-31-041-400x267.jpg 400w, http:\/\/gruene-lk-ks.de\/baunatal\/files\/2015\/10\/3B05E829-82C7-4AFC-9A0D-7E02E054C5D22014_GR\u00dcNE_Baunatal_Guntershausen_07-31-041-150x100.jpg 150w\" sizes=\"(max-width: 783px) 100vw, 783px\" \/><\/a><p class=\"wp-caption-text\">Sommerfest 2014 bei Juliane im Garten<\/p><\/div>\n<p>Wir freuen uns auf Ihr Kommen.<\/p>\n<p><b>Terminank\u00fcndigung<\/b>:<\/p>\n<p><b>Am Samstag, 31.10.15 gibt es von 9-13 Uhr einen<\/b> <b>Informationsstand<\/b> <b>der<\/b> <b>GR\u00dcNEN<\/b> <b>am Rande des Wochenmarkts zum Thema<\/b> <b>Halloween<\/b> <b>mit lustig geschnitzten K\u00fcrbissen f\u00fcr die Kinder<\/b>. Ebenso wird der Tisch reichhaltig gedeckt sein mit Bio-\u00c4pfeln aus dem eigenen Garten, selbstgemachten Gelees und Marmeladen sowie selbst gebackenen Brownies.<\/p>\n<p>Zu finden ist der Stand in der Glaspassage, in der N\u00e4he der Post.<\/p>\n<p>Mit den Einnahmen aus dem Verkauf der angebotenen Waren und Spenden soll die Arbeit der Baunataler Werkst\u00e4tten und\/oder die neue Fl\u00fcchtlingsunterkunft in Hertingshausen unterst\u00fctzt werden.<\/p>\n","protected":false},"excerpt":{"rendered":"<p>22.10. 2015 Pressemitteilung GR\u00dcNE Baunatal laden ein zum K\u00fcrbisfest am 30.10.15 Am Vorabend von Halloween, also am Freitag den 30.10.2015 ab 17 Uhr, laden die GR\u00dcNEN Baunatal ein zum K\u00fcrbisfest&#8230; <\/p>\n","protected":false},"author":6,"featured_media":0,"comment_status":"open","ping_status":"open","sticky":false,"template":"","format":"standard","meta":{"ngg_post_thumbnail":0},"categories":[1],"tags":[],"_links":{"self":[{"href":"http:\/\/gruene-lk-ks.de\/baunatal\/wp-json\/wp\/v2\/posts\/319"}],"collection":[{"href":"http:\/\/gruene-lk-ks.de\/baunatal\/wp-json\/wp\/v2\/posts"}],"about":[{"href":"http:\/\/gruene-lk-ks.de\/baunatal\/wp-json\/wp\/v2\/types\/post"}],"author":[{"embeddable":true,"href":"http:\/\/gruene-lk-ks.de\/baunatal\/wp-json\/wp\/v2\/users\/6"}],"replies":[{"embeddable":true,"href":"http:\/\/gruene-lk-ks.de\/baunatal\/wp-json\/wp\/v2\/comments?post=319"}],"version-history":[{"count":2,"href":"http:\/\/gruene-lk-ks.de\/baunatal\/wp-json\/wp\/v2\/posts\/319\/revisions"}],"predecessor-version":[{"id":379,"href":"http:\/\/gruene-lk-ks.de\/baunatal\/wp-json\/wp\/v2\/posts\/319\/revisions\/379"}],"wp:attachment":[{"href":"http:\/\/gruene-lk-ks.de\/baunatal\/wp-json\/wp\/v2\/media?parent=319"}],"wp:term":[{"taxonomy":"category","embeddable":true,"href":"http:\/\/gruene-lk-ks.de\/baunatal\/wp-json\/wp\/v2\/categories?post=319"},{"taxonomy":"post_tag","embeddable":true,"href":"http:\/\/gruene-lk-ks.de\/baunatal\/wp-json\/wp\/v2\/tags?post=319"}],"curies":[{"name":"wp","href":"https:\/\/api.w.org\/{rel}","templated":true}]}}