{"id":3195,"date":"2022-10-30T17:00:36","date_gmt":"2022-10-30T15:00:36","guid":{"rendered":"http:\/\/gruene-lk-ks.de\/baunatal\/?p=3195"},"modified":"2022-10-30T17:30:48","modified_gmt":"2022-10-30T15:30:48","slug":"gruener-stammtisch-thema-oepnv","status":"publish","type":"post","link":"http:\/\/gruene-lk-ks.de\/baunatal\/gruener-stammtisch-thema-oepnv\/","title":{"rendered":"Gr\u00fcner Stammtisch &#8211; Thema: \u00d6PNV"},"content":{"rendered":"\n<figure class=\"wp-block-image size-large\"><a class=\"fancybox\" rel=\"gallery3195\" href=\"http:\/\/gruene-lk-ks.de\/baunatal\/files\/2022\/10\/Gruener-Stammtisch-11.11.-OePNV.jpg\"><img loading=\"lazy\" width=\"752\" height=\"1200\" src=\"http:\/\/gruene-lk-ks.de\/baunatal\/files\/2022\/10\/Gruener-Stammtisch-11.11.-OePNV-752x1200.jpg\" alt=\"\" class=\"wp-image-3202\" srcset=\"http:\/\/gruene-lk-ks.de\/baunatal\/files\/2022\/10\/Gruener-Stammtisch-11.11.-OePNV-752x1200.jpg 752w, http:\/\/gruene-lk-ks.de\/baunatal\/files\/2022\/10\/Gruener-Stammtisch-11.11.-OePNV-376x600.jpg 376w, http:\/\/gruene-lk-ks.de\/baunatal\/files\/2022\/10\/Gruener-Stammtisch-11.11.-OePNV-768x1226.jpg 768w, http:\/\/gruene-lk-ks.de\/baunatal\/files\/2022\/10\/Gruener-Stammtisch-11.11.-OePNV-963x1536.jpg 963w, http:\/\/gruene-lk-ks.de\/baunatal\/files\/2022\/10\/Gruener-Stammtisch-11.11.-OePNV-1283x2048.jpg 1283w, http:\/\/gruene-lk-ks.de\/baunatal\/files\/2022\/10\/Gruener-Stammtisch-11.11.-OePNV-94x150.jpg 94w, http:\/\/gruene-lk-ks.de\/baunatal\/files\/2022\/10\/Gruener-Stammtisch-11.11.-OePNV.jpg 1410w\" sizes=\"(max-width: 752px) 100vw, 752px\" \/><\/a><\/figure>\n\n\n\n<p><\/p>\n\n\n\n<p>Der Ortsverband der Gr\u00fcnen startet den Gr\u00fcnen Stammtisch<\/p>\n\n\n\n<p>Wann:&nbsp; &nbsp; &nbsp; &nbsp;11.11.2022 um 19.00 Uhr<\/p>\n\n\n\n<p>Wo:&nbsp; &nbsp; &nbsp; &nbsp; &nbsp; &nbsp;Bistro Arche<\/p>\n\n\n\n<p>&nbsp; &nbsp; &nbsp; &nbsp; &nbsp; &nbsp; &nbsp; &nbsp; &nbsp;Schauenburger Str. 1<\/p>\n\n\n\n<p>&nbsp; &nbsp; &nbsp; &nbsp; &nbsp; &nbsp; &nbsp; &nbsp; &nbsp;Gro\u00dfenritte (gegen\u00fcber dem Bahnhof)<\/p>\n\n\n\n<p>Thema:&nbsp; &nbsp; &nbsp;\u00d6PNV &#8211;&nbsp;H\u00f6chste Zeit, dass sich etwas bewegt!<\/p>\n\n\n\n<p>Das wollen wir dieses Mal mit euch diskutieren:&nbsp; Was w\u00fcnscht ihr euch vom \u00d6PNV, was fehlt euch, was ist eure Vision?&nbsp;<\/p>\n\n\n\n<p>Studierende der Uni Kassel, Fachbereich Marketing, haben auf&nbsp; der Grundlage eines Beschlusses der Stadtverordnetenversammlung eine Fragebogenaktion bei Baunataler Einwohner*innen zum Stand des \u00d6PNV und seinen Entwicklungsm\u00f6glichkeiten durchgef\u00fchrt. Die Ergebnisse dieser ersten Studie wurden&nbsp;im Rahmen einer Sitzung des Haupt- und Finanzausschusses der Stadt Baunatal gerade pr\u00e4sentiert.&nbsp;Au\u00dferdem steht demn\u00e4chst die Neuvergabe der Buslinien an einen neuen Anbieter an. Auch eine direkte Schienenverbindung vom ZOB zum Bahnhof Wilhelmsh\u00f6he wird schon lange diskutiert.<\/p>\n\n\n\n<p>\u00dcber die Ergebnisse der Fragebogenaktion, den Stand der Dinge und die Initiativen unserer Fraktion zum \u00d6PNV wird uns Lothar Rost (stellvertretender Fraktionsvorsitzender) informieren.&nbsp;<\/p>\n\n\n\n<p>Wir laden euch ein, mit uns \u00fcber dieses oder nat\u00fcrlich auch andere Themen zu sprechen. Der Stammtisch ist f\u00fcr alle &#8211; Gr\u00fcne, Nichtgr\u00fcne, Bunte &#8211; offen.&nbsp; Und wer mit uns einfach ein Bierchen trinken m\u00f6chte, ist nat\u00fcrlich genauso willkommen.<\/p>\n","protected":false},"excerpt":{"rendered":"<p>Was w\u00fcnscht ihr euch vom \u00d6PNV, was fehlt euch, was ist eure Vision? <\/p>\n<p>Studierende der Uni Kassel, Fachbereich Marketing, haben auf  der Grundlage eines Beschlusses der Stadtverordnetenversammlung eine Fragebogenaktion bei Baunataler Einwohner*innen zum Stand des \u00d6PNV und seinen Entwicklungsm\u00f6glichkeiten durchgef\u00fchrt. Die Ergebnisse dieser ersten Studie wurden im Rahmen einer Sitzung des Haupt- und Finanzausschusses der Stadt Baunatal gerade pr\u00e4sentiert. <\/p>\n<p>Wir laden euch ein, mit uns \u00fcber dieses oder nat\u00fcrlich auch andere Themen zu sprechen. Der Stammtisch ist f\u00fcr alle &#8211; Gr\u00fcne, Nichtgr\u00fcne, Bunte &#8211; offen.  Und wer mit uns einfach ein Bierchen trinken m\u00f6chte, ist nat\u00fcrlich genauso willkommen.<\/p>\n","protected":false},"author":6,"featured_media":3206,"comment_status":"closed","ping_status":"open","sticky":false,"template":"","format":"standard","meta":{"ngg_post_thumbnail":0},"categories":[7113,7100],"tags":[7115,7116],"_links":{"self":[{"href":"http:\/\/gruene-lk-ks.de\/baunatal\/wp-json\/wp\/v2\/posts\/3195"}],"collection":[{"href":"http:\/\/gruene-lk-ks.de\/baunatal\/wp-json\/wp\/v2\/posts"}],"about":[{"href":"http:\/\/gruene-lk-ks.de\/baunatal\/wp-json\/wp\/v2\/types\/post"}],"author":[{"embeddable":true,"href":"http:\/\/gruene-lk-ks.de\/baunatal\/wp-json\/wp\/v2\/users\/6"}],"replies":[{"embeddable":true,"href":"http:\/\/gruene-lk-ks.de\/baunatal\/wp-json\/wp\/v2\/comments?post=3195"}],"version-history":[{"count":5,"href":"http:\/\/gruene-lk-ks.de\/baunatal\/wp-json\/wp\/v2\/posts\/3195\/revisions"}],"predecessor-version":[{"id":3203,"href":"http:\/\/gruene-lk-ks.de\/baunatal\/wp-json\/wp\/v2\/posts\/3195\/revisions\/3203"}],"wp:featuredmedia":[{"embeddable":true,"href":"http:\/\/gruene-lk-ks.de\/baunatal\/wp-json\/wp\/v2\/media\/3206"}],"wp:attachment":[{"href":"http:\/\/gruene-lk-ks.de\/baunatal\/wp-json\/wp\/v2\/media?parent=3195"}],"wp:term":[{"taxonomy":"category","embeddable":true,"href":"http:\/\/gruene-lk-ks.de\/baunatal\/wp-json\/wp\/v2\/categories?post=3195"},{"taxonomy":"post_tag","embeddable":true,"href":"http:\/\/gruene-lk-ks.de\/baunatal\/wp-json\/wp\/v2\/tags?post=3195"}],"curies":[{"name":"wp","href":"https:\/\/api.w.org\/{rel}","templated":true}]}}