{"id":323,"date":"2015-11-03T13:51:28","date_gmt":"2015-11-03T11:51:28","guid":{"rendered":"http:\/\/gruene-lk-ks.de\/baunatal\/?p=323"},"modified":"2015-12-08T15:05:23","modified_gmt":"2015-12-08T13:05:23","slug":"gruene-baunatal-luden-ein-zum-kuerbisfest-und-viele-kamen","status":"publish","type":"post","link":"http:\/\/gruene-lk-ks.de\/baunatal\/gruene-baunatal-luden-ein-zum-kuerbisfest-und-viele-kamen\/","title":{"rendered":"GR\u00dcNE Baunatal luden ein zum K\u00fcrbisfest und viele kamen"},"content":{"rendered":"<p style=\"text-align: right\"><b> 1.11. 2015<\/b><\/p>\n<p><b> Pressemitteilung <\/b><\/p>\n<p><b>GR\u00dcNE Baunatal luden ein zum K\u00fcrbisfest und viele kamen<\/b><\/p>\n<p><b>Am Vorabend von Halloween feierten die GR\u00dcNEN Baunatal <\/b>ein<b> <\/b>K\u00fcrbisfest bei Juliane Kothe in Baunatal-Guntershausen in der Wasserm\u00fchle.\u00a0 Neben vielen MitgliederInnen kamen auch Freunde und SympathisantInnen, um bei hei\u00dfer K\u00fcrbiskernsuppe, afghanischen und kroatischen Spezialit\u00e4ten und Gegrilltem gem\u00fctlich zusammenzusitzen. Auch die Kinder hatten ihren Spa\u00df, da Ursula Dittmar-Loewe mit ihrer Tochter Nadine einige K\u00fcrbisse vorbereitet hatten, an denen die j\u00fcngsten G\u00e4ste ihre dekorativen Schnittk\u00fcnste erproben konnten um sie sp\u00e4ter mit nach Haus nehmen zu k\u00f6nnen.<\/p>\n<div id=\"attachment_325\" class=\"wp-caption aligncenter\" style=\"width: 783px\"><a class=\"fancybox\" rel=\"gallery323\" href=\"http:\/\/gruene-lk-ks.de\/baunatal\/files\/2015\/11\/IMG_9926.jpg\"><img loading=\"lazy\" class=\"size-large wp-image-325\" src=\"http:\/\/gruene-lk-ks.de\/baunatal\/files\/2015\/11\/IMG_9926-800x533.jpg\" alt=\"Scheunenfest mit Unterhaltung f\u00fcr die J\u00fcngsten\" width=\"783\" height=\"522\" srcset=\"http:\/\/gruene-lk-ks.de\/baunatal\/files\/2015\/11\/IMG_9926-800x533.jpg 800w, http:\/\/gruene-lk-ks.de\/baunatal\/files\/2015\/11\/IMG_9926-400x267.jpg 400w, http:\/\/gruene-lk-ks.de\/baunatal\/files\/2015\/11\/IMG_9926-150x100.jpg 150w\" sizes=\"(max-width: 783px) 100vw, 783px\" \/><\/a><p class=\"wp-caption-text\">Scheunenfest mit Unterhaltung f\u00fcr die J\u00fcngsten<\/p><\/div>\n<p>&nbsp;<\/p>\n<p>W\u00e4hrenddessen informierten die GR\u00dcNEN Stadtverordneten \u00fcber die aktuelle Krise bei VW und ihre Auswirkungen auf die Gewerbesteuereinnahmen der Stadt in den kommenden Jahren sowie die neue Fl\u00fcchtlingsunterkunft in Baunatal-Hertingshausen.<\/p>\n<p>F\u00fcr diese Einrichtung im Sagaflor-Geb\u00e4ude wurden am folgenden Samstag Morgen Spenden gesammelt, ebenso f\u00fcr die Baunataler Werkst\u00e4tten\/Diakone Kassel.<\/p>\n<p><b>Ein<\/b> <b>reich<\/b> <b>dekorierter Informationsstand<\/b> <b>der<\/b> <b>GR\u00dcNEN<\/b> am Rande des Wochenmarkts zum Thema Halloween stellte lustig geschnitzte K\u00fcrbisse f\u00fcr die Kinder aus, aber auch Bio-\u00c4pfel aus dem eigenen Garten, selbstgemachte Gelees und W\u00fcrzsaucen sowie selbst gebackene Brownies. Viele Baunataler besuchten den Stand und spendeten gern f\u00fcr diesen guten Zweck.<\/p>\n<div id=\"attachment_326\" class=\"wp-caption aligncenter\" style=\"width: 783px\"><a class=\"fancybox\" rel=\"gallery323\" href=\"http:\/\/gruene-lk-ks.de\/baunatal\/files\/2015\/11\/IMG_9963.jpg\"><img loading=\"lazy\" class=\"size-large wp-image-326\" src=\"http:\/\/gruene-lk-ks.de\/baunatal\/files\/2015\/11\/IMG_9963-800x533.jpg\" alt=\"Besuch vom Vorsitzenden des Kreisausl\u00e4nderbeirats, Cemal Bozdogan\" width=\"783\" height=\"522\" srcset=\"http:\/\/gruene-lk-ks.de\/baunatal\/files\/2015\/11\/IMG_9963-800x533.jpg 800w, http:\/\/gruene-lk-ks.de\/baunatal\/files\/2015\/11\/IMG_9963-400x267.jpg 400w, http:\/\/gruene-lk-ks.de\/baunatal\/files\/2015\/11\/IMG_9963-150x100.jpg 150w\" sizes=\"(max-width: 783px) 100vw, 783px\" \/><\/a><p class=\"wp-caption-text\">Besuch vom Vorsitzenden des Kreisausl\u00e4nderbeirats, Cemal Bozdogan<\/p><\/div>\n<p>So kamen fast 200,- \u20ac zusammen, welche noch aufgestockt werden sollen durch Spenden der GR\u00dcNEN Mandatstr\u00e4ger. Die gespendeten Gelder werden dann in den n\u00e4chsten Wochen an die Einrichtungen \u00fcbergeben.<\/p>\n","protected":false},"excerpt":{"rendered":"<p>1.11. 2015 Pressemitteilung GR\u00dcNE Baunatal luden ein zum K\u00fcrbisfest und viele kamen Am Vorabend von Halloween feierten die GR\u00dcNEN Baunatal ein K\u00fcrbisfest bei Juliane Kothe in Baunatal-Guntershausen in der Wasserm\u00fchle.\u00a0&#8230; <\/p>\n","protected":false},"author":6,"featured_media":0,"comment_status":"open","ping_status":"open","sticky":false,"template":"","format":"standard","meta":{"ngg_post_thumbnail":0},"categories":[1],"tags":[],"_links":{"self":[{"href":"http:\/\/gruene-lk-ks.de\/baunatal\/wp-json\/wp\/v2\/posts\/323"}],"collection":[{"href":"http:\/\/gruene-lk-ks.de\/baunatal\/wp-json\/wp\/v2\/posts"}],"about":[{"href":"http:\/\/gruene-lk-ks.de\/baunatal\/wp-json\/wp\/v2\/types\/post"}],"author":[{"embeddable":true,"href":"http:\/\/gruene-lk-ks.de\/baunatal\/wp-json\/wp\/v2\/users\/6"}],"replies":[{"embeddable":true,"href":"http:\/\/gruene-lk-ks.de\/baunatal\/wp-json\/wp\/v2\/comments?post=323"}],"version-history":[{"count":3,"href":"http:\/\/gruene-lk-ks.de\/baunatal\/wp-json\/wp\/v2\/posts\/323\/revisions"}],"predecessor-version":[{"id":378,"href":"http:\/\/gruene-lk-ks.de\/baunatal\/wp-json\/wp\/v2\/posts\/323\/revisions\/378"}],"wp:attachment":[{"href":"http:\/\/gruene-lk-ks.de\/baunatal\/wp-json\/wp\/v2\/media?parent=323"}],"wp:term":[{"taxonomy":"category","embeddable":true,"href":"http:\/\/gruene-lk-ks.de\/baunatal\/wp-json\/wp\/v2\/categories?post=323"},{"taxonomy":"post_tag","embeddable":true,"href":"http:\/\/gruene-lk-ks.de\/baunatal\/wp-json\/wp\/v2\/tags?post=323"}],"curies":[{"name":"wp","href":"https:\/\/api.w.org\/{rel}","templated":true}]}}