{"id":3244,"date":"2022-11-28T17:58:38","date_gmt":"2022-11-28T15:58:38","guid":{"rendered":"http:\/\/gruene-lk-ks.de\/baunatal\/?p=3244"},"modified":"2022-11-28T17:58:38","modified_gmt":"2022-11-28T15:58:38","slug":"gruene-landtagsabgeordnete-besuchen-das-pedalwerk-in-baunatal-altenritte","status":"publish","type":"post","link":"http:\/\/gruene-lk-ks.de\/baunatal\/gruene-landtagsabgeordnete-besuchen-das-pedalwerk-in-baunatal-altenritte\/","title":{"rendered":"GR\u00dcNE Landtagsabgeordnete besuchen das Pedalwerk in Baunatal-Altenritte"},"content":{"rendered":"\n<p><strong>Die hessischen Landtagsabgeordneten&nbsp; (MdL) von B\u00fcndnis 90\/ Die Gr\u00fcnen sind am Jahresende auf einer Wirtschafts-Wandel-Tour unterwegs bei Unternehmen, deren Branche vom Wirtschaftswandel betroffen ist.<\/strong><\/p>\n\n\n\n<p>In der vergangenen Woche besuchten die beiden MdL, <strong>Karin M\u00fcller <\/strong>aus Kassel (\u00fcberzeugte und konsequente Radlerin) und <strong>Miriam<\/strong> <strong>Dahlke<\/strong> aus Frankfurt (Stellvertretende Fraktionsvorsitzende) zusammen mit dem \u00f6rtlichen GR\u00dcNEN Fraktionsvorsitzenden und Stellvertretenden Kreistagsvorsitzenden&nbsp; <strong>Edmund Borschel<\/strong> das Fahrradfachgesch\u00e4ft Pedalwerk in Baunatal-Altenritte. Die beiden Abgeordneten tauschten sich mit den Besitzer*innen, dem Ehepaar <strong>Appel, <\/strong>\u00fcber die aktuellen Herausforderungen der Fahrradbranche aus. Nachdem es w\u00e4hrend Corona eine hohe Nachfrage, zunehmend&nbsp; bei E-Bikes und Pedelecs gab, die aber durch unterbrochene Lieferketten nicht immer bedient werden konnte, ist die Lage jetzt entspannter und die Nachfrage im Moment sogar etwas r\u00fcckl\u00e4ufig.<\/p>\n\n\n\n<p>Auch das Thema Ausbildung kam zur Sprache. Leider m\u00fcssen die Auszubildenden im Moment weit fahren, um ihr theoretisch-schulisches Wissen zu erwerben. Hier w\u00e4re es w\u00fcnschenswert, wenn es auch in Kassel eine Berufsschulklasse f\u00fcr diesen Ausbildungsbereich gibt.<\/p>\n\n\n\n<p>Weitere Themen waren die Radfahrausbildung, die an den Grundschulen erst in der 4. Klasse angeboten wird&nbsp; und durchaus fr\u00fcher anfangen k\u00f6nnte, damit Kinder schon fr\u00fchzeitig motiviert werden, das Fahrrad t\u00e4glich und nicht nur freizeitm\u00e4\u00dfig zu nutzen. Einige Eltern an Baunataler Grundschulen unterst\u00fctzen dies bereits. Fragen zur F\u00f6rderung&nbsp; energetischer Sanierung von Gesch\u00e4ftsgeb\u00e4uden, z.B. f\u00fcr die Installation von PV-Anlagen und Informationen dar\u00fcber sowie die Herausforderungen des Mittelstands allgemein in diesen schwierigen wirtschaftlichen Zeiten wurden auch er\u00f6rtert. Fixe Belastungen durch gestiegene Energiekosten, Abgaben f\u00fcr Grundsteuer und Gewerbesteuer sind ohnehin gegeben.<\/p>\n\n\n\n<p>Die Themen Fahrradleasing f\u00fcr B\u00fcrger*innen oder Besch\u00e4ftigte von Unternehmen und die bessere&nbsp; Verbreitung von Lastenr\u00e4dern im \u00f6ffentlichen Angebot und damit im Alltag wurden ebenfalls diskutiert. Hier m\u00fcssen Hinweise auf bestehende F\u00f6rderprogramme f\u00fcr Betriebe und Kommunen besser kommuniziert und beworben werden. Dann stehen die Fachfirmen vor Ort bereit, entsprechende Angebote zu unterbreiten.<\/p>\n\n\n\n<p>Die beiden Abgeordneten nehmen also viele Fragen und Anregungen mit nach Wiesbaden. Gleiches gilt f\u00fcr den GR\u00dcNEN Kommunalpolitiker vor Ort und im Kreis.<\/p>\n","protected":false},"excerpt":{"rendered":"<p>Die hessischen Landtagsabgeordneten&nbsp; (MdL) von B\u00fcndnis 90\/ Die Gr\u00fcnen sind am Jahresende auf einer Wirtschafts-Wandel-Tour unterwegs bei Unternehmen, deren Branche vom Wirtschaftswandel betroffen ist. In der vergangenen Woche besuchten die&#8230; <\/p>\n","protected":false},"author":20,"featured_media":3245,"comment_status":"closed","ping_status":"open","sticky":false,"template":"","format":"standard","meta":{"ngg_post_thumbnail":0},"categories":[1],"tags":[],"_links":{"self":[{"href":"http:\/\/gruene-lk-ks.de\/baunatal\/wp-json\/wp\/v2\/posts\/3244"}],"collection":[{"href":"http:\/\/gruene-lk-ks.de\/baunatal\/wp-json\/wp\/v2\/posts"}],"about":[{"href":"http:\/\/gruene-lk-ks.de\/baunatal\/wp-json\/wp\/v2\/types\/post"}],"author":[{"embeddable":true,"href":"http:\/\/gruene-lk-ks.de\/baunatal\/wp-json\/wp\/v2\/users\/20"}],"replies":[{"embeddable":true,"href":"http:\/\/gruene-lk-ks.de\/baunatal\/wp-json\/wp\/v2\/comments?post=3244"}],"version-history":[{"count":1,"href":"http:\/\/gruene-lk-ks.de\/baunatal\/wp-json\/wp\/v2\/posts\/3244\/revisions"}],"predecessor-version":[{"id":3246,"href":"http:\/\/gruene-lk-ks.de\/baunatal\/wp-json\/wp\/v2\/posts\/3244\/revisions\/3246"}],"wp:featuredmedia":[{"embeddable":true,"href":"http:\/\/gruene-lk-ks.de\/baunatal\/wp-json\/wp\/v2\/media\/3245"}],"wp:attachment":[{"href":"http:\/\/gruene-lk-ks.de\/baunatal\/wp-json\/wp\/v2\/media?parent=3244"}],"wp:term":[{"taxonomy":"category","embeddable":true,"href":"http:\/\/gruene-lk-ks.de\/baunatal\/wp-json\/wp\/v2\/categories?post=3244"},{"taxonomy":"post_tag","embeddable":true,"href":"http:\/\/gruene-lk-ks.de\/baunatal\/wp-json\/wp\/v2\/tags?post=3244"}],"curies":[{"name":"wp","href":"https:\/\/api.w.org\/{rel}","templated":true}]}}