{"id":3247,"date":"2022-11-21T17:59:00","date_gmt":"2022-11-21T15:59:00","guid":{"rendered":"http:\/\/gruene-lk-ks.de\/baunatal\/?p=3247"},"modified":"2022-11-28T18:01:02","modified_gmt":"2022-11-28T16:01:02","slug":"1-stammtisch-der-gruenen-in-baunatal-gruen-bewegt-in-baunatal","status":"publish","type":"post","link":"http:\/\/gruene-lk-ks.de\/baunatal\/1-stammtisch-der-gruenen-in-baunatal-gruen-bewegt-in-baunatal\/","title":{"rendered":"1. Stammtisch der Gr\u00fcnen in Baunatal \u2013 Gr\u00fcn bewegt (in) Baunatal"},"content":{"rendered":"\n<p>Am Martinstag 11.11.22 ist eine neue Tradition der Baunataler Gr\u00fcnen begr\u00fcndet worden: Ganz ohne Gans, ohne Laterne und auch ohne Jecken-Nase traf sich eine bunt gemischte Gruppe von langj\u00e4hrigen und neuen Mitgliedern des Baunataler Ortsverbandes der Gr\u00fcnen, um bei einem Bierchen, Weinchen oder W\u00e4sserchen eine neue Plattform des gemeinsamen Austausches ins Leben zu rufen. Dieses offene Angebot, welches von den beiden neuen Ortsverbandssprecherinnen Gerhild Tuchan und Monika Woizeschke-Br\u00fcck, mit Unterst\u00fctzung des Vorstands und weiteren Angeh\u00f6rigen des Ortsverbandes kreiert wurde, ist gleich von etlichen Mitgliedern des OVs angenommen worden. Als besonders gl\u00fccklich erwies sich auch der Umstand, dass alle Altersgruppen und Generationen vertreten waren und zusammen gekommen sind. Dies zeigt, dass diese Idee auf jeden Fall fortgef\u00fchrt werden sollte, um allen Mitgliedern des in den letzten Jahren rasant gewachsenen Ortsverbandes ein Forum zugeben, sich kennenzulernen und weltoffen-verbindend&nbsp; mit Gleichgesinnten zu diskutieren. So k\u00f6nnen wir schauen, welche Gr\u00fcnen Themen uns in Baunatal bewegen und auch welche Aktionen wir zusammen in Baunatal starten m\u00f6chten.<\/p>\n\n\n\n<p>Ein erstes Thema, welches vom Ortsverband in die Gruppe herein gegeben wurde, und in Folge auch gleich lebhaft diskutiert wurde, war das Thema des \u00d6PNV \u2013 wie bewegen wir uns in und um Baunatal: mit Fahrrad, E-Mobilit\u00e4t, Stadtbus, Straba und Zug? Wie sieht es aus mit den Kosten f\u00fcr den \u00d6PNV, der Taktung und den Anschl\u00fcssen (z.B. von Rengershausen zum Bahnhof Rengershausen evtl. durch Abruftaxi), der Umsetzung des weiteren Aufbaus von Lades\u00e4ulen, Mitfahrb\u00e4nken, Anschaffung von Lastenr\u00e4dern, Fahrradboxen, Belebung der alten KNE Verbindung von Baunatal \u00fcber VW Werk nach Kassel-Wilhelmsh\u00f6he aus?? Viele neue und auch schon l\u00e4nger favorisierte, z.T. schon in der Stavo beschlossene Ideen wurden an diesem Abend hei\u00df diskutiert\u2026<\/p>\n\n\n\n<p>Wir freuen uns, weitere neue und langj\u00e4hrige Mitglieder, selbstverst\u00e4ndlich auch gerne \u201eNoch-Nicht\u201c Mitglieder, zum n\u00e4chsten Stammtisch begr\u00fc\u00dfen zu d\u00fcrfen. Thema w\u00e4re u.a. m\u00f6gliche \u201eAktivit\u00e4ten\u201c der Gr\u00fcnen in Baunatal. Wir treffen uns am Nikolaustag 06.12.22 um 18 Uhr auf dem Nikolausmarkt in Baunatal am Gl\u00fchweinstand Glatter.<\/p>\n\n\n\n<p>Weitere Informationen und Kontakt: Irle J\u00fcrgens, Tel. 0163\/7868713<\/p>\n","protected":false},"excerpt":{"rendered":"<p>Am Martinstag 11.11.22 ist eine neue Tradition der Baunataler Gr\u00fcnen begr\u00fcndet worden: Ganz ohne Gans, ohne Laterne und auch ohne Jecken-Nase traf sich eine bunt gemischte Gruppe von langj\u00e4hrigen und&#8230; <\/p>\n","protected":false},"author":20,"featured_media":3248,"comment_status":"closed","ping_status":"open","sticky":false,"template":"","format":"standard","meta":{"ngg_post_thumbnail":0},"categories":[1],"tags":[],"_links":{"self":[{"href":"http:\/\/gruene-lk-ks.de\/baunatal\/wp-json\/wp\/v2\/posts\/3247"}],"collection":[{"href":"http:\/\/gruene-lk-ks.de\/baunatal\/wp-json\/wp\/v2\/posts"}],"about":[{"href":"http:\/\/gruene-lk-ks.de\/baunatal\/wp-json\/wp\/v2\/types\/post"}],"author":[{"embeddable":true,"href":"http:\/\/gruene-lk-ks.de\/baunatal\/wp-json\/wp\/v2\/users\/20"}],"replies":[{"embeddable":true,"href":"http:\/\/gruene-lk-ks.de\/baunatal\/wp-json\/wp\/v2\/comments?post=3247"}],"version-history":[{"count":1,"href":"http:\/\/gruene-lk-ks.de\/baunatal\/wp-json\/wp\/v2\/posts\/3247\/revisions"}],"predecessor-version":[{"id":3249,"href":"http:\/\/gruene-lk-ks.de\/baunatal\/wp-json\/wp\/v2\/posts\/3247\/revisions\/3249"}],"wp:featuredmedia":[{"embeddable":true,"href":"http:\/\/gruene-lk-ks.de\/baunatal\/wp-json\/wp\/v2\/media\/3248"}],"wp:attachment":[{"href":"http:\/\/gruene-lk-ks.de\/baunatal\/wp-json\/wp\/v2\/media?parent=3247"}],"wp:term":[{"taxonomy":"category","embeddable":true,"href":"http:\/\/gruene-lk-ks.de\/baunatal\/wp-json\/wp\/v2\/categories?post=3247"},{"taxonomy":"post_tag","embeddable":true,"href":"http:\/\/gruene-lk-ks.de\/baunatal\/wp-json\/wp\/v2\/tags?post=3247"}],"curies":[{"name":"wp","href":"https:\/\/api.w.org\/{rel}","templated":true}]}}