{"id":3252,"date":"2022-12-02T13:18:37","date_gmt":"2022-12-02T11:18:37","guid":{"rendered":"http:\/\/gruene-lk-ks.de\/baunatal\/?p=3252"},"modified":"2022-12-02T13:18:37","modified_gmt":"2022-12-02T11:18:37","slug":"2-gruener-stammtisch-in-baunatal","status":"publish","type":"post","link":"http:\/\/gruene-lk-ks.de\/baunatal\/2-gruener-stammtisch-in-baunatal\/","title":{"rendered":"2. Gr\u00fcner Stammtisch in Baunatal"},"content":{"rendered":"\n<p>Hallihallo, liebe Gr\u00fcne Mitglieder im Ortsverband Baunatal,<\/p>\n\n\n\n<p>Vielleicht bist Du &#8211; ebenso wie ich \u2013 <em>neues* &nbsp;<\/em>Mitglied bei B\u00fcndnis 90\/Die Gr\u00fcnen und bist interessiert an einem Stammtisch\/Schnuddeltreff, um sich Kennenzulernen, um \u00fcber Gr\u00fcne Themen zu diskutieren, um politische Gemeinsamkeiten zu erkunden (oder vielleicht auch konstruktiv zu streiten), um Motivation und Kraft zu sch\u00f6pfen f\u00fcr das Einstehen f\u00fcr Gr\u00fcne Politik, um direkt oder indirekt Gr\u00fcne Inhalte im Ortsverband und in der Gr\u00fcnen Fraktion anzusto\u00dfen\u2026 Du kannst so Deine Themen vielleicht sogar durch die Gr\u00fcnen Stadtverordneten in die Baunataler STAVO einbringen lassen, also aktiv Gr\u00fcne Kommunalpolitik mitgestalten und vorantreiben.<\/p>\n\n\n\n<p>Wir &#8211; der neugew\u00e4hlte Ortsverbandsvorstand Gerhild, Monika \u2026 und ich (als einfaches Mitglied) &#8211; m\u00f6chten ein offenes, basisdemokratisch orientiertes Austauschforum anbieten, wo \u201eNeues gedacht, diskutiert und auch geplant werden kann\u201c (aus der Pressemitteilung, HNA vom 22.10.22).<\/p>\n\n\n\n<p>Deswegen bist Du als Mitglied herzlich eingeladen zum<\/p>\n\n\n\n<ul><li><em>Baunataler Stammtisch der Gr\u00fcnen in Baunatal <\/em><em>in Pr\u00e4senz <\/em>J<em><\/em><\/li><\/ul>\n\n\n\n<p><strong>Am Dienstag, 06.12.2022 ab 18Uhr auf dem Nikolausmarkt Baunatal<\/strong><\/p>\n\n\n\n<p>&nbsp;(beim Gl\u00fchweinstand von Familie Glatter aus Baunatal)<\/p>\n\n\n\n<p>Gerne kannst Du mir vorher R\u00fcckmeldung geben, dass Du kommen magst \u2026 oder einfach spontan vorbeischauen. Wir freuen uns \u00fcber jedes Mitglied und solche, die es noch werden wollen \ud83d\ude42<\/p>\n\n\n\n<p>Sonnige Gr\u00fc\u00dfe aus Altenbauna<\/p>\n\n\n\n<p>Irle J\u00fcrgens<\/p>\n\n\n\n<p>Kontakt-Mail: <a rel=\"noreferrer noopener\" href=\"mailto:die-fitten-huehner@arcor.de\" target=\"_blank\">die-fitten-huehner@arcor.de<\/a><\/p>\n\n\n\n<p><em>*und langj\u00e4hrige Mitglieder sind selbstverst\u00e4ndlich auch mehr als Willkommen <\/em>\ud83d\ude42<\/p>\n","protected":false},"excerpt":{"rendered":"<p>Hallihallo, liebe Gr\u00fcne Mitglieder im Ortsverband Baunatal, Vielleicht bist Du &#8211; ebenso wie ich \u2013 neues* &nbsp;Mitglied bei B\u00fcndnis 90\/Die Gr\u00fcnen und bist interessiert an einem Stammtisch\/Schnuddeltreff, um sich Kennenzulernen,&#8230; <\/p>\n","protected":false},"author":20,"featured_media":3253,"comment_status":"closed","ping_status":"open","sticky":false,"template":"","format":"standard","meta":{"ngg_post_thumbnail":0},"categories":[1],"tags":[],"_links":{"self":[{"href":"http:\/\/gruene-lk-ks.de\/baunatal\/wp-json\/wp\/v2\/posts\/3252"}],"collection":[{"href":"http:\/\/gruene-lk-ks.de\/baunatal\/wp-json\/wp\/v2\/posts"}],"about":[{"href":"http:\/\/gruene-lk-ks.de\/baunatal\/wp-json\/wp\/v2\/types\/post"}],"author":[{"embeddable":true,"href":"http:\/\/gruene-lk-ks.de\/baunatal\/wp-json\/wp\/v2\/users\/20"}],"replies":[{"embeddable":true,"href":"http:\/\/gruene-lk-ks.de\/baunatal\/wp-json\/wp\/v2\/comments?post=3252"}],"version-history":[{"count":1,"href":"http:\/\/gruene-lk-ks.de\/baunatal\/wp-json\/wp\/v2\/posts\/3252\/revisions"}],"predecessor-version":[{"id":3254,"href":"http:\/\/gruene-lk-ks.de\/baunatal\/wp-json\/wp\/v2\/posts\/3252\/revisions\/3254"}],"wp:featuredmedia":[{"embeddable":true,"href":"http:\/\/gruene-lk-ks.de\/baunatal\/wp-json\/wp\/v2\/media\/3253"}],"wp:attachment":[{"href":"http:\/\/gruene-lk-ks.de\/baunatal\/wp-json\/wp\/v2\/media?parent=3252"}],"wp:term":[{"taxonomy":"category","embeddable":true,"href":"http:\/\/gruene-lk-ks.de\/baunatal\/wp-json\/wp\/v2\/categories?post=3252"},{"taxonomy":"post_tag","embeddable":true,"href":"http:\/\/gruene-lk-ks.de\/baunatal\/wp-json\/wp\/v2\/tags?post=3252"}],"curies":[{"name":"wp","href":"https:\/\/api.w.org\/{rel}","templated":true}]}}