{"id":3259,"date":"2022-12-16T19:32:20","date_gmt":"2022-12-16T17:32:20","guid":{"rendered":"http:\/\/gruene-lk-ks.de\/baunatal\/?p=3259"},"modified":"2022-12-16T19:32:20","modified_gmt":"2022-12-16T17:32:20","slug":"stammtisch-auf-dem-weihnachtsmarkt","status":"publish","type":"post","link":"http:\/\/gruene-lk-ks.de\/baunatal\/stammtisch-auf-dem-weihnachtsmarkt\/","title":{"rendered":"Stammtisch auf dem Weihnachtsmarkt"},"content":{"rendered":"\n<p>Zum 2. Gr\u00fcnen Stammtisch hat sich am 06.12.2022 eine Gruppe von Mitgliedern der Gr\u00fcnen in Baunatal auf dem Baunataler Nikolausmarkt getroffen. In stimmungsvoller Atmosph\u00e4re und bei einem wohlschmeckenden, hei\u00dfen Gl\u00fchwein wurden auch ein paar hei\u00dfe Themen diskutiert: Was bedeutet die angespannte Haushaltslage f\u00fcr die Stadt Baunatal und welche L\u00f6sungen werden zur Entlastung gefunden? Welche Gr\u00fcnen Aktionen m\u00f6chten wir in Baunatal in 2023 angehen? \u2026<\/p>\n\n\n\n<p>Gerne begr\u00fc\u00dfen wir zum n\u00e4chsten Stammtisch weitere \u201eMitstreiterinnen\u201c und \u201eMitstreiter\u201c, die Lust haben, aktiv zu diskutieren und L\u00f6sungen zu suchen \u2026 f\u00fcr ein Leben in einer gerechteren, sozialen, klimaneutralen und friedvollen Welt.<\/p>\n\n\n\n<p>Der voraussichtlich n\u00e4chste Stammtisch findet am 12.01.2023 in Rengershausen statt. N\u00e4here Einzelheiten werden noch bekannt gegeben.<\/p>\n\n\n\n<p>Erst einmal allen ein friedvolles Weihnachtsfest!<\/p>\n\n\n\n<p>Irle J\u00fcrgens<\/p>\n","protected":false},"excerpt":{"rendered":"<p>Zum 2. Gr\u00fcnen Stammtisch hat sich am 06.12.2022 eine Gruppe von Mitgliedern der Gr\u00fcnen in Baunatal auf dem Baunataler Nikolausmarkt getroffen. In stimmungsvoller Atmosph\u00e4re und bei einem wohlschmeckenden, hei\u00dfen Gl\u00fchwein&#8230; <\/p>\n","protected":false},"author":20,"featured_media":3260,"comment_status":"closed","ping_status":"open","sticky":false,"template":"","format":"standard","meta":{"ngg_post_thumbnail":0},"categories":[1],"tags":[],"_links":{"self":[{"href":"http:\/\/gruene-lk-ks.de\/baunatal\/wp-json\/wp\/v2\/posts\/3259"}],"collection":[{"href":"http:\/\/gruene-lk-ks.de\/baunatal\/wp-json\/wp\/v2\/posts"}],"about":[{"href":"http:\/\/gruene-lk-ks.de\/baunatal\/wp-json\/wp\/v2\/types\/post"}],"author":[{"embeddable":true,"href":"http:\/\/gruene-lk-ks.de\/baunatal\/wp-json\/wp\/v2\/users\/20"}],"replies":[{"embeddable":true,"href":"http:\/\/gruene-lk-ks.de\/baunatal\/wp-json\/wp\/v2\/comments?post=3259"}],"version-history":[{"count":1,"href":"http:\/\/gruene-lk-ks.de\/baunatal\/wp-json\/wp\/v2\/posts\/3259\/revisions"}],"predecessor-version":[{"id":3261,"href":"http:\/\/gruene-lk-ks.de\/baunatal\/wp-json\/wp\/v2\/posts\/3259\/revisions\/3261"}],"wp:featuredmedia":[{"embeddable":true,"href":"http:\/\/gruene-lk-ks.de\/baunatal\/wp-json\/wp\/v2\/media\/3260"}],"wp:attachment":[{"href":"http:\/\/gruene-lk-ks.de\/baunatal\/wp-json\/wp\/v2\/media?parent=3259"}],"wp:term":[{"taxonomy":"category","embeddable":true,"href":"http:\/\/gruene-lk-ks.de\/baunatal\/wp-json\/wp\/v2\/categories?post=3259"},{"taxonomy":"post_tag","embeddable":true,"href":"http:\/\/gruene-lk-ks.de\/baunatal\/wp-json\/wp\/v2\/tags?post=3259"}],"curies":[{"name":"wp","href":"https:\/\/api.w.org\/{rel}","templated":true}]}}