{"id":3274,"date":"2023-01-08T12:26:15","date_gmt":"2023-01-08T10:26:15","guid":{"rendered":"http:\/\/gruene-lk-ks.de\/baunatal\/?p=3274"},"modified":"2023-01-08T12:26:15","modified_gmt":"2023-01-08T10:26:15","slug":"einladung-zum-3-stammtisch-der-gruenen-in-baunatal","status":"publish","type":"post","link":"http:\/\/gruene-lk-ks.de\/baunatal\/einladung-zum-3-stammtisch-der-gruenen-in-baunatal\/","title":{"rendered":"Einladung zum 3. Stammtisch der Gr\u00fcnen in Baunatal"},"content":{"rendered":"\n<p>Liebe Gr\u00fcne Mitglieder im Ortsverband Baunatal,<br>liebe B\u00fcrgerinnen und B\u00fcrger der Stadt Baunatal,<\/p>\n\n\n\n<p>Einladung zum 3. Stammtisch der Gr\u00fcnen in Baunatal, am <\/p>\n\n\n\n<p><strong>Donnerstag, 12.01.2023 um 19\u00a0 Uhr<br>im \u201eK-Toffels\u201c in Rengershausen, Waimersbergstr.1<\/strong><\/p>\n\n\n\n<p>Wir hoffen, dass Alle gut ins Neue Jahr gekommen sind und w\u00fcnschen Allen nochmal f\u00fcr 2023 ganz viel Frieden, Freude und Gesundheit!<\/p>\n\n\n\n<p>Und \u2026 selbstverst\u00e4ndlich haben wir vom Ortsverband ganz viele W\u00fcnsche und Themen, die wir als Gr\u00fcne diskutieren und aktiv im Interesse der Baunataler B\u00fcrgerinnen und B\u00fcrger in 2023 umsetzen m\u00f6chten. Denn auch in 2023 werden wir uns f\u00fcr eine nachhaltige, klimaneutrale, soziale, weltoffene, integrationsf\u00f6rdernde Stadtpolitik einsetzen! Insbesondere diese Gr\u00fcnen Themen sollen zuk\u00fcnftig noch zielgerichteter und fokussierter die Politik in Baunatal und im Kreis Kassel beeinflussen.<\/p>\n\n\n\n<p>Die Mitglieder bei B\u00fcndnis 90\/Die Gr\u00fcnen und gerne auch interessierte B\u00fcrgerinnen und B\u00fcrger aus Baunatal sind herzlich eingeladen, beim n\u00e4chsten Stammtisch miteinander ins Gespr\u00e4ch zu kommen und \u00fcber Gr\u00fcne Themen zu diskutieren, um politische Gemeinsamkeiten zu erkunden (oder vielleicht auch konstruktiv zu streiten), um Motivation und Kraft zu sch\u00f6pfen f\u00fcr das Einstehen f\u00fcr Gr\u00fcne Politik, um direkt oder indirekt Gr\u00fcne Inhalte im Ortsverband und in der Gr\u00fcnen Fraktion anzusto\u00dfen.<\/p>\n\n\n\n<p>Ein Thema beim n\u00e4chsten Stammtisch wird die konkretere Sammlung und Planung von Gr\u00fcnen Aktionen in Baunatal in 2023 sein. Gerne kannst Du mir vorher R\u00fcckmeldung geben, dass Du kommen magst \u2026 oder einfach spontan vorbeischauen.<\/p>\n\n\n\n<p>Kontakt: <a href=\"die-fitten-huehner@arcor.de\">Irle J\u00fcrgens<\/a><\/p>\n","protected":false},"excerpt":{"rendered":"<p>Liebe Gr\u00fcne Mitglieder im Ortsverband Baunatal,liebe B\u00fcrgerinnen und B\u00fcrger der Stadt Baunatal, Einladung zum 3. Stammtisch der Gr\u00fcnen in Baunatal, am Donnerstag, 12.01.2023 um 19\u00a0 Uhrim \u201eK-Toffels\u201c in Rengershausen, Waimersbergstr.1&#8230; <\/p>\n","protected":false},"author":20,"featured_media":3275,"comment_status":"closed","ping_status":"open","sticky":false,"template":"","format":"standard","meta":{"ngg_post_thumbnail":0},"categories":[1],"tags":[],"_links":{"self":[{"href":"http:\/\/gruene-lk-ks.de\/baunatal\/wp-json\/wp\/v2\/posts\/3274"}],"collection":[{"href":"http:\/\/gruene-lk-ks.de\/baunatal\/wp-json\/wp\/v2\/posts"}],"about":[{"href":"http:\/\/gruene-lk-ks.de\/baunatal\/wp-json\/wp\/v2\/types\/post"}],"author":[{"embeddable":true,"href":"http:\/\/gruene-lk-ks.de\/baunatal\/wp-json\/wp\/v2\/users\/20"}],"replies":[{"embeddable":true,"href":"http:\/\/gruene-lk-ks.de\/baunatal\/wp-json\/wp\/v2\/comments?post=3274"}],"version-history":[{"count":1,"href":"http:\/\/gruene-lk-ks.de\/baunatal\/wp-json\/wp\/v2\/posts\/3274\/revisions"}],"predecessor-version":[{"id":3276,"href":"http:\/\/gruene-lk-ks.de\/baunatal\/wp-json\/wp\/v2\/posts\/3274\/revisions\/3276"}],"wp:featuredmedia":[{"embeddable":true,"href":"http:\/\/gruene-lk-ks.de\/baunatal\/wp-json\/wp\/v2\/media\/3275"}],"wp:attachment":[{"href":"http:\/\/gruene-lk-ks.de\/baunatal\/wp-json\/wp\/v2\/media?parent=3274"}],"wp:term":[{"taxonomy":"category","embeddable":true,"href":"http:\/\/gruene-lk-ks.de\/baunatal\/wp-json\/wp\/v2\/categories?post=3274"},{"taxonomy":"post_tag","embeddable":true,"href":"http:\/\/gruene-lk-ks.de\/baunatal\/wp-json\/wp\/v2\/tags?post=3274"}],"curies":[{"name":"wp","href":"https:\/\/api.w.org\/{rel}","templated":true}]}}