{"id":329,"date":"2015-11-18T01:17:25","date_gmt":"2015-11-17T23:17:25","guid":{"rendered":"http:\/\/gruene-lk-ks.de\/baunatal\/?p=329"},"modified":"2015-11-18T01:17:25","modified_gmt":"2015-11-17T23:17:25","slug":"die-gruenen-baunatal-laden-ein","status":"publish","type":"post","link":"http:\/\/gruene-lk-ks.de\/baunatal\/die-gruenen-baunatal-laden-ein\/","title":{"rendered":"Die GR\u00dcNEN Baunatal laden ein &#8230;"},"content":{"rendered":"<p style=\"text-align: right\"><b>08\/ Nov\/ 2015<\/b><\/p>\n<p style=\"text-align: center\"><b>Einladung<\/b><\/p>\n<p style=\"text-align: center\"><b> <\/b><b>Die GR\u00dcNEN Baunatal\u00a0 laden ein zur Listenaufstellung f\u00fcr die Stadtverordnetenversammlung Baunatal bei der Kommunalwahl am 6. M\u00e4rz 2016<\/b><b> \u00a0<\/b><\/p>\n<p>Die Versammlung beginnt am Samstag dem\u00a0 <b>21. November 2015, 10 Uhr,\u00a0<\/b><\/p>\n<p><b>Tagungsort:\u00a0 Bistro 1892 der KSV Sportwelt,\u00a0Baunatal-Altenfauna\u00a0(neben dem Aqua Park)<\/b><\/p>\n<p><b>Die GR\u00dcNEN Baunatal werden, wie in der laufenden Wahlperiode, eine offene Liste aufstellen, auf der auch Nichtmitglieder kandidieren k\u00f6nnen.<\/b><\/p>\n<p><b>Tagesordnung:<\/b><\/p>\n<ol>\n<li>Begr\u00fc\u00dfung und Feststellen der Tagesordnung<\/li>\n<li>Bericht aus der Fraktion zur Arbeit in der Stadtverordnetenversammlung<\/li>\n<li>\u00a0Wahl eines Wahlvorstands f\u00fcr die Listenaufstellung<\/li>\n<li>Abstimmung \u00fcber den Wahlmodus<\/li>\n<li>Wahl der KandidatInnnen f\u00fcr die Liste in Einzel- und Blockwahl<\/li>\n<li>Abstimmung \u00fcber die Gesamtliste<\/li>\n<\/ol>\n<p><b>Alle Mitglieder der GR\u00dcNEN Baunatal sind ganz herzlich eingeladen an der Sitzung teilzunehmen.\u00a0<\/b><\/p>\n<p>Ebenso freuen wir uns G\u00e4ste und SympathisantInnen der GR\u00dcNEN Baunatal begr\u00fc\u00dfen zu k\u00f6nnen, die Interesse an einer Mitarbeit in unserem Ortsverband\u00a0 haben.<\/p>\n<p>Edmund Borschel<\/p>\n<p>Vorstandssprecher<\/p>\n<div id=\"attachment_331\" class=\"wp-caption aligncenter\" style=\"width: 783px\"><a class=\"fancybox\" rel=\"gallery329\" href=\"http:\/\/gruene-lk-ks.de\/baunatal\/files\/2015\/11\/2015_GRUENE-Baunatal_Burg-erfr\u00fchst\u00fcck_09-13-001.jpg\"><img loading=\"lazy\" class=\"size-large wp-image-331\" src=\"http:\/\/gruene-lk-ks.de\/baunatal\/files\/2015\/11\/2015_GRUENE-Baunatal_Burg-erfr\u00fchst\u00fcck_09-13-001-800x533.jpg\" alt=\"GR\u00dcNE feiern und bewegen Baunatal\" width=\"783\" height=\"522\" srcset=\"http:\/\/gruene-lk-ks.de\/baunatal\/files\/2015\/11\/2015_GRUENE-Baunatal_Burg-erfr\u00fchst\u00fcck_09-13-001-800x533.jpg 800w, http:\/\/gruene-lk-ks.de\/baunatal\/files\/2015\/11\/2015_GRUENE-Baunatal_Burg-erfr\u00fchst\u00fcck_09-13-001-400x267.jpg 400w, http:\/\/gruene-lk-ks.de\/baunatal\/files\/2015\/11\/2015_GRUENE-Baunatal_Burg-erfr\u00fchst\u00fcck_09-13-001-150x100.jpg 150w\" sizes=\"(max-width: 783px) 100vw, 783px\" \/><\/a><p class=\"wp-caption-text\">GR\u00dcNE feiern und bewegen Baunatal<\/p><\/div>\n<div id=\"attachment_336\" class=\"wp-caption aligncenter\" style=\"width: 783px\"><a class=\"fancybox\" rel=\"gallery329\" href=\"http:\/\/gruene-lk-ks.de\/baunatal\/files\/2015\/11\/IMG_9970.jpg\"><img loading=\"lazy\" class=\"size-large wp-image-336\" src=\"http:\/\/gruene-lk-ks.de\/baunatal\/files\/2015\/11\/IMG_9970-800x533.jpg\" alt=\"GR\u00dcNE feiern und bewegen Baunatal\" width=\"783\" height=\"522\" srcset=\"http:\/\/gruene-lk-ks.de\/baunatal\/files\/2015\/11\/IMG_9970-800x533.jpg 800w, http:\/\/gruene-lk-ks.de\/baunatal\/files\/2015\/11\/IMG_9970-400x267.jpg 400w, http:\/\/gruene-lk-ks.de\/baunatal\/files\/2015\/11\/IMG_9970-150x100.jpg 150w\" sizes=\"(max-width: 783px) 100vw, 783px\" \/><\/a><p class=\"wp-caption-text\">GR\u00dcNE feiern und bewegen Baunatal<\/p><\/div>\n<p>&nbsp;<\/p>\n","protected":false},"excerpt":{"rendered":"<p>08\/ Nov\/ 2015 Einladung Die GR\u00dcNEN Baunatal\u00a0 laden ein zur Listenaufstellung f\u00fcr die Stadtverordnetenversammlung Baunatal bei der Kommunalwahl am 6. M\u00e4rz 2016 \u00a0 Die Versammlung beginnt am Samstag dem\u00a0 21&#8230;. <\/p>\n","protected":false},"author":6,"featured_media":0,"comment_status":"open","ping_status":"open","sticky":false,"template":"","format":"standard","meta":{"ngg_post_thumbnail":0},"categories":[1],"tags":[],"_links":{"self":[{"href":"http:\/\/gruene-lk-ks.de\/baunatal\/wp-json\/wp\/v2\/posts\/329"}],"collection":[{"href":"http:\/\/gruene-lk-ks.de\/baunatal\/wp-json\/wp\/v2\/posts"}],"about":[{"href":"http:\/\/gruene-lk-ks.de\/baunatal\/wp-json\/wp\/v2\/types\/post"}],"author":[{"embeddable":true,"href":"http:\/\/gruene-lk-ks.de\/baunatal\/wp-json\/wp\/v2\/users\/6"}],"replies":[{"embeddable":true,"href":"http:\/\/gruene-lk-ks.de\/baunatal\/wp-json\/wp\/v2\/comments?post=329"}],"version-history":[{"count":3,"href":"http:\/\/gruene-lk-ks.de\/baunatal\/wp-json\/wp\/v2\/posts\/329\/revisions"}],"predecessor-version":[{"id":338,"href":"http:\/\/gruene-lk-ks.de\/baunatal\/wp-json\/wp\/v2\/posts\/329\/revisions\/338"}],"wp:attachment":[{"href":"http:\/\/gruene-lk-ks.de\/baunatal\/wp-json\/wp\/v2\/media?parent=329"}],"wp:term":[{"taxonomy":"category","embeddable":true,"href":"http:\/\/gruene-lk-ks.de\/baunatal\/wp-json\/wp\/v2\/categories?post=329"},{"taxonomy":"post_tag","embeddable":true,"href":"http:\/\/gruene-lk-ks.de\/baunatal\/wp-json\/wp\/v2\/tags?post=329"}],"curies":[{"name":"wp","href":"https:\/\/api.w.org\/{rel}","templated":true}]}}