{"id":3300,"date":"2023-01-23T13:15:40","date_gmt":"2023-01-23T11:15:40","guid":{"rendered":"http:\/\/gruene-lk-ks.de\/baunatal\/?p=3300"},"modified":"2023-01-23T13:16:49","modified_gmt":"2023-01-23T11:16:49","slug":"gruene-zu-gast-beim-neujahrsempfang-der-wirtschaftsgemeinschaft","status":"publish","type":"post","link":"http:\/\/gruene-lk-ks.de\/baunatal\/gruene-zu-gast-beim-neujahrsempfang-der-wirtschaftsgemeinschaft\/","title":{"rendered":"GR\u00dcNE zu Gast beim Neujahrsempfang der Wirtschaftsgemeinschaft"},"content":{"rendered":"\n<p>Die Fraktionsspitze der GR\u00dcNEN, <strong>Edmund Borschel<\/strong> und <strong>Lothar Rost<\/strong>, war wie immer gern gesehener Gast beim Neujahrsempfang der Wirtschaftsgemeinschaft Baunatal (WGB) am Wochenende. Neben zahlreichen \u00f6rtlichen Firmen, Vereinen und Verb\u00e4nden, die der Vorsitzende der WGB Peter Hammerschmidt begr\u00fc\u00dfen konnte, war seitens der Politik lediglich noch die SPD vertreten. Die meisten Vortr\u00e4ge und Gru\u00dfworte bezogen sich auf&nbsp; finanzielle Belastungen und&nbsp; Auswirkungen des Ukraine Krieges sowie der Pandemie, in den Firmen, auf dem Arbeitsmarkt, im Energiesektor aber auch im Haushalt der Stadt Baunatal. So k\u00fcndigte <strong>B\u00fcrgermeisterin Manuela Strube <\/strong>in ihrem Gru\u00dfwort die geplanten finanziellen Belastungen f\u00fcr die B\u00fcrger*Innen und Unternehmen an, vor allem durch die Erh\u00f6hung der Grundsteuer von 400 auf 590 Punkte (also fast 50 %) und bei den Kita-Geb\u00fchren im \u00dc3- und U3-Bereich von 100 % in den kommenden 1,5 Jahren. Besonders zu diesen beiden Ma\u00dfnahmen haben die GR\u00dcNEN Alternativvorschl\u00e4ge unterbreitet, um die Belastungen abzufedern, die jedoch bereits im Haupt- und Finanzausschuss abgelehnt wurden.<\/p>\n\n\n\n<p>Der <strong>GR\u00dcNE<\/strong> <strong>\u00c4nderungsantrag zu den Kitageb\u00fchren <\/strong>umfasst u.a.<strong>: <\/strong>Reduzierte Erh\u00f6hung bei den Betreuungsgeb\u00fchren au\u00dferhalb der Regelbetreuungszeit um 50 % und Verzicht auf die neu geplante Grundgeb\u00fchr im U3 Bereich von 100 \u20ac am Vormittag. Au\u00dferdem soll ein <strong>Gremium<\/strong> <strong>zur \u201cErarbeitung einer langfristig angelegten und strategischen Geb\u00fchrengestaltung\u201c<\/strong> eingerichtet werden. Darin sollen alle relevanten Gruppen in diesem Sektor vertreten sein.<\/p>\n\n\n\n<p>Beim<strong> \u00c4nderungsantrag zur Grund- und Gewerbesteuer <\/strong>wird vorgeschlagen<strong>:<\/strong> eine <strong>moderate Anhebung der Grundsteuer B<\/strong> von 400 auf 480 v. H. (+ 20 %) und nicht wie im Haushaltsentwurf von 400 auf 590 v. H. (+ 47,5 %) vorgesehen. Wir beantragen zum Haushaltsausgleich eine geringe Gewerbesteueranpassung von 440 auf 470 v. H. (+ 6,8 %), um die Gewerbebetriebe an den finanziellen Lasten bei der Bereitstellung st\u00e4dtischer Infrastruktur zu beteiligen.<\/p>\n\n\n\n<p>Weitere Haushaltsantr\u00e4ge dienen zur <strong>&nbsp;\u201eStabilisierung des st\u00e4dtischen Haushalts\u201c, <\/strong>da er im<\/p>\n\n\n\n<p>&nbsp;Ergebnishaushalt in den n\u00e4chsten Jahren defizit\u00e4r ist und Bem\u00fchungen um Einsparungen nicht eingestellt werden d\u00fcrfen. Hier schlagen die Gr\u00fcnen u.a. die Erstellung eines B\u00fcrgerhaushalts f\u00fcr 2025 vor, das Vorantreiben der Digitalisierung, mehr interkommunale Zusammenarbeit. Bei <strong>\u201eEnergiekosteneinsparungen\u201c und \u201eAusbau der erneuerbaren Energien\u201c&nbsp; <\/strong>sollendie j\u00e4hrlichen Energiekosten von aktuell ca. 3 Mio. \u20ac durch Investitionen zur energetischen Sanierung von Geb\u00e4uden und technischen Anlagen um j\u00e4hrlich mindestens 10 % reduziert werden. Ebenso gilt es eine Gesamtstrategie f\u00fcr eine b\u00fcrgernahe dezentrale Energiewende f\u00fcr Baunatal zu entwickeln. Nahw\u00e4rmekonzepte, Solarparks, PV-Anlagen und Potentiale nutzen f\u00fcr Windkraft stehen hier im Fokus.<\/p>\n","protected":false},"excerpt":{"rendered":"<p>Die Fraktionsspitze der GR\u00dcNEN, Edmund Borschel und Lothar Rost, war wie immer gern gesehener Gast beim Neujahrsempfang der Wirtschaftsgemeinschaft Baunatal (WGB) am Wochenende. Neben zahlreichen \u00f6rtlichen Firmen, Vereinen und Verb\u00e4nden,&#8230; <\/p>\n","protected":false},"author":20,"featured_media":3301,"comment_status":"closed","ping_status":"open","sticky":false,"template":"","format":"standard","meta":{"ngg_post_thumbnail":0},"categories":[1],"tags":[],"_links":{"self":[{"href":"http:\/\/gruene-lk-ks.de\/baunatal\/wp-json\/wp\/v2\/posts\/3300"}],"collection":[{"href":"http:\/\/gruene-lk-ks.de\/baunatal\/wp-json\/wp\/v2\/posts"}],"about":[{"href":"http:\/\/gruene-lk-ks.de\/baunatal\/wp-json\/wp\/v2\/types\/post"}],"author":[{"embeddable":true,"href":"http:\/\/gruene-lk-ks.de\/baunatal\/wp-json\/wp\/v2\/users\/20"}],"replies":[{"embeddable":true,"href":"http:\/\/gruene-lk-ks.de\/baunatal\/wp-json\/wp\/v2\/comments?post=3300"}],"version-history":[{"count":3,"href":"http:\/\/gruene-lk-ks.de\/baunatal\/wp-json\/wp\/v2\/posts\/3300\/revisions"}],"predecessor-version":[{"id":3304,"href":"http:\/\/gruene-lk-ks.de\/baunatal\/wp-json\/wp\/v2\/posts\/3300\/revisions\/3304"}],"wp:featuredmedia":[{"embeddable":true,"href":"http:\/\/gruene-lk-ks.de\/baunatal\/wp-json\/wp\/v2\/media\/3301"}],"wp:attachment":[{"href":"http:\/\/gruene-lk-ks.de\/baunatal\/wp-json\/wp\/v2\/media?parent=3300"}],"wp:term":[{"taxonomy":"category","embeddable":true,"href":"http:\/\/gruene-lk-ks.de\/baunatal\/wp-json\/wp\/v2\/categories?post=3300"},{"taxonomy":"post_tag","embeddable":true,"href":"http:\/\/gruene-lk-ks.de\/baunatal\/wp-json\/wp\/v2\/tags?post=3300"}],"curies":[{"name":"wp","href":"https:\/\/api.w.org\/{rel}","templated":true}]}}