{"id":3306,"date":"2023-01-31T17:29:18","date_gmt":"2023-01-31T15:29:18","guid":{"rendered":"http:\/\/gruene-lk-ks.de\/baunatal\/?p=3306"},"modified":"2023-01-31T17:29:18","modified_gmt":"2023-01-31T15:29:18","slug":"neue-energie-fuer-alte-haeuser","status":"publish","type":"post","link":"http:\/\/gruene-lk-ks.de\/baunatal\/neue-energie-fuer-alte-haeuser\/","title":{"rendered":"Neue Energie f\u00fcr alte H\u00e4user"},"content":{"rendered":"\n<p>Am Vorabend der Bau- und Immobilienmesse \u201emeinZuhause! Nordhessen\u201c, Ende Januar 2023 im Staatstheater Kassel, mit ca. 130 G\u00e4sten aus Verwaltung, Politik und Gewerbe nahm auch die Fraktionsspitze der Baunataler GR\u00dcNEN, <strong>Edmund Borschel<\/strong> und <strong>Lothar Rost<\/strong> teil.<\/p>\n\n\n\n<p>Die Begr\u00fc\u00dfung erfolgte durch <strong>Christof Nolda<\/strong> (Dezernent f\u00fcr Stadtentwicklung, Bauen, Umwelt und Verkehr der Stadt Kassel) und <strong>Thomas Ackermann <\/strong>(Dezernent f\u00fcr Umwelt und Klimaschutz des Landkreises Kassel).<\/p>\n\n\n\n<p>Ein informativer aber auch unterhaltsamer Impulsvortrag erfolgte danach durch Frau <strong>Diana Wetzestein<\/strong> (freie Journalistin f\u00fcr historischen und modernen Holzbau, Mitglied im DNK, Kontaktstelle der IG Bauernhaus in&nbsp; Wanfried) zum Thema \u201eWir haben Potential \u2013 Ein neuer Blick auf alte (Fachwerk)H\u00e4user\u201c. Die Kontaktstelle in Wanfried, inzwischen ein Erfolgsmodell im l\u00e4ndlichen Raum, f\u00fchrt Beratungen und Vermittlungen von sanierungsbed\u00fcrftigen Fachwerkh\u00e4usern durch, um die Bestandsgeb\u00e4ude zu erhalten und bei der energetischen Sanierung zu helfen.<\/p>\n\n\n\n<p>Unter dem Motto \u201eEine Region, ein Ziel, viele Gesichter \u2013 Klimaschutzmanager:innen und Energiebeauftragte\u201c stellten sich anschlie\u00dfend neun Personen aus Baunatal, Fuldatal, Kaufungen, Lohfelden und Kassel mit kurzen Beitr\u00e4gen zu Ihren Vorhaben vor.<\/p>\n\n\n\n<p>Die Moderation erfolgte durch Frau Dr. Christina L\u00fctke (Klimaschutzmanagerin des Landkreises) und Herrn Timo Eckhardt (Klimaschutzmanager der Stadt Kassel). Beim anschlie\u00dfenden \u201eGet -Together\u201c wurden bei Essen und Getr\u00e4nken anregende Gespr\u00e4che zwischen Politiker*innen aus Stadt und Landkreis Kassel gef\u00fchrt, unter Ihnen die Vizepr\u00e4sidentin des hessischen Landtags, Karin M\u00fcller und die STAVO-Fraktionsvorsitzende der Kasseler GR\u00dcNEN, Christine Hesse und die&nbsp; Kreistagsabgeordnete Katja Sch\u00f6ne (Kaufungen).<\/p>\n","protected":false},"excerpt":{"rendered":"<p>Am Vorabend der Bau- und Immobilienmesse \u201emeinZuhause! Nordhessen\u201c, Ende Januar 2023 im Staatstheater Kassel, mit ca. 130 G\u00e4sten aus Verwaltung, Politik und Gewerbe nahm auch die Fraktionsspitze der Baunataler GR\u00dcNEN,&#8230; <\/p>\n","protected":false},"author":20,"featured_media":3307,"comment_status":"closed","ping_status":"open","sticky":false,"template":"","format":"standard","meta":{"ngg_post_thumbnail":0},"categories":[1],"tags":[],"_links":{"self":[{"href":"http:\/\/gruene-lk-ks.de\/baunatal\/wp-json\/wp\/v2\/posts\/3306"}],"collection":[{"href":"http:\/\/gruene-lk-ks.de\/baunatal\/wp-json\/wp\/v2\/posts"}],"about":[{"href":"http:\/\/gruene-lk-ks.de\/baunatal\/wp-json\/wp\/v2\/types\/post"}],"author":[{"embeddable":true,"href":"http:\/\/gruene-lk-ks.de\/baunatal\/wp-json\/wp\/v2\/users\/20"}],"replies":[{"embeddable":true,"href":"http:\/\/gruene-lk-ks.de\/baunatal\/wp-json\/wp\/v2\/comments?post=3306"}],"version-history":[{"count":1,"href":"http:\/\/gruene-lk-ks.de\/baunatal\/wp-json\/wp\/v2\/posts\/3306\/revisions"}],"predecessor-version":[{"id":3308,"href":"http:\/\/gruene-lk-ks.de\/baunatal\/wp-json\/wp\/v2\/posts\/3306\/revisions\/3308"}],"wp:featuredmedia":[{"embeddable":true,"href":"http:\/\/gruene-lk-ks.de\/baunatal\/wp-json\/wp\/v2\/media\/3307"}],"wp:attachment":[{"href":"http:\/\/gruene-lk-ks.de\/baunatal\/wp-json\/wp\/v2\/media?parent=3306"}],"wp:term":[{"taxonomy":"category","embeddable":true,"href":"http:\/\/gruene-lk-ks.de\/baunatal\/wp-json\/wp\/v2\/categories?post=3306"},{"taxonomy":"post_tag","embeddable":true,"href":"http:\/\/gruene-lk-ks.de\/baunatal\/wp-json\/wp\/v2\/tags?post=3306"}],"curies":[{"name":"wp","href":"https:\/\/api.w.org\/{rel}","templated":true}]}}