{"id":3311,"date":"2023-02-01T12:34:26","date_gmt":"2023-02-01T10:34:26","guid":{"rendered":"http:\/\/gruene-lk-ks.de\/baunatal\/?p=3311"},"modified":"2023-02-01T12:34:26","modified_gmt":"2023-02-01T10:34:26","slug":"einladung-zum-4-stammtisch-der-gruenen-in-baunatal","status":"publish","type":"post","link":"http:\/\/gruene-lk-ks.de\/baunatal\/einladung-zum-4-stammtisch-der-gruenen-in-baunatal\/","title":{"rendered":"Einladung zum 4. Stammtisch der Gr\u00fcnen in Baunatal"},"content":{"rendered":"\n<p>Liebe Gr\u00fcne Mitglieder im Ortsverband Baunatal,<br>Liebe B\u00fcrgerinnen und B\u00fcrger der Stadt Baunatal,<\/p>\n\n\n\n<p>Herzliche Einladung zum Stammtisch der Gr\u00fcnen in Baunatal<\/p>\n\n\n\n<p><strong>Am Donnerstag, 16.02.2023 um 19&nbsp; Uhr<br>in der \u201eHessenklause\u201c, Altenbaunaer Str. 2 in Altenritte<\/strong><\/p>\n\n\n\n<p>Wir Gr\u00fcne im Ortsverband Baunatal diskutieren und engagieren uns aktiv f\u00fcr Interessen der Baunataler B\u00fcrgerinnen und B\u00fcrger. Die Mitglieder bei B\u00fcndnis 90\/Die Gr\u00fcnen und gerne auch interessierte Menschen aus Baunatal sind herzlich eingeladen, beim n\u00e4chsten Stammtisch miteinander ins Gespr\u00e4ch zu kommen und \u00fcber Gr\u00fcne Themen zu diskutieren, um politische Gemeinsamkeiten zu erkunden oder vielleicht auch konstruktiv zu streiten, um Motivation und Kraft zu sch\u00f6pfen f\u00fcr das Einstehen f\u00fcr Gr\u00fcne Politik, um direkt oder indirekt Gr\u00fcne Inhalte im Ortsverband und in der Gr\u00fcnen Fraktion anzusto\u00dfen\u2026 Denn auch in 2023 werden wir uns f\u00fcr eine nachhaltige, klimaneutrale, soziale, weltoffene, integrationsf\u00f6rdernde Stadtpolitik einsetzen!<\/p>\n\n\n\n<p>Bei unserem n\u00e4chsten Stammtisch werden wir verschiedene Themen angehen: Bericht der Planungsgruppe f\u00fcr einen Info-Tisch und Aktionen anl\u00e4sslich des Internationalen Tages gegen Rassismus (geplant f\u00fcr den 25.03.23 auf dem Marktplatz\/Europaplatz); Nachlese zu der letzten Stadtverordnetensitzung und den Beschl\u00fcssen zum Thema Erh\u00f6hung der Grundsteuer und der Kita-Geb\u00fchren; Kurzbericht von der Vorstandssitzung des OV Baunatal, Diskussion \u00fcber Nutzungs- und Ausbaum\u00f6glichkeiten erneuerbarer Energiequellen in Baunatal; Ideen\/Planung Stadtteilspazierg\u00e4nge; Verbesserung des Internetauftrittes der Gr\u00fcnen in Baunatal \u2026 &nbsp;<\/p>\n\n\n\n<p>Ansprechpartnerin: <a href=\"die-fitten-huehner@arcor.de\" data-type=\"URL\" data-id=\"die-fitten-huehner@arcor.de\">Irle J\u00fcrgens<\/a><\/p>\n","protected":false},"excerpt":{"rendered":"<p>Liebe Gr\u00fcne Mitglieder im Ortsverband Baunatal,Liebe B\u00fcrgerinnen und B\u00fcrger der Stadt Baunatal, Herzliche Einladung zum Stammtisch der Gr\u00fcnen in Baunatal Am Donnerstag, 16.02.2023 um 19&nbsp; Uhrin der \u201eHessenklause\u201c, Altenbaunaer Str&#8230;. <\/p>\n","protected":false},"author":20,"featured_media":3312,"comment_status":"closed","ping_status":"open","sticky":false,"template":"","format":"standard","meta":{"ngg_post_thumbnail":0},"categories":[1],"tags":[],"_links":{"self":[{"href":"http:\/\/gruene-lk-ks.de\/baunatal\/wp-json\/wp\/v2\/posts\/3311"}],"collection":[{"href":"http:\/\/gruene-lk-ks.de\/baunatal\/wp-json\/wp\/v2\/posts"}],"about":[{"href":"http:\/\/gruene-lk-ks.de\/baunatal\/wp-json\/wp\/v2\/types\/post"}],"author":[{"embeddable":true,"href":"http:\/\/gruene-lk-ks.de\/baunatal\/wp-json\/wp\/v2\/users\/20"}],"replies":[{"embeddable":true,"href":"http:\/\/gruene-lk-ks.de\/baunatal\/wp-json\/wp\/v2\/comments?post=3311"}],"version-history":[{"count":1,"href":"http:\/\/gruene-lk-ks.de\/baunatal\/wp-json\/wp\/v2\/posts\/3311\/revisions"}],"predecessor-version":[{"id":3313,"href":"http:\/\/gruene-lk-ks.de\/baunatal\/wp-json\/wp\/v2\/posts\/3311\/revisions\/3313"}],"wp:featuredmedia":[{"embeddable":true,"href":"http:\/\/gruene-lk-ks.de\/baunatal\/wp-json\/wp\/v2\/media\/3312"}],"wp:attachment":[{"href":"http:\/\/gruene-lk-ks.de\/baunatal\/wp-json\/wp\/v2\/media?parent=3311"}],"wp:term":[{"taxonomy":"category","embeddable":true,"href":"http:\/\/gruene-lk-ks.de\/baunatal\/wp-json\/wp\/v2\/categories?post=3311"},{"taxonomy":"post_tag","embeddable":true,"href":"http:\/\/gruene-lk-ks.de\/baunatal\/wp-json\/wp\/v2\/tags?post=3311"}],"curies":[{"name":"wp","href":"https:\/\/api.w.org\/{rel}","templated":true}]}}