{"id":3339,"date":"2023-03-05T16:38:32","date_gmt":"2023-03-05T14:38:32","guid":{"rendered":"http:\/\/gruene-lk-ks.de\/baunatal\/?p=3339"},"modified":"2023-03-05T16:38:32","modified_gmt":"2023-03-05T14:38:32","slug":"einladung-zum-5-stammtisch-der-gruenen-in-baunatal","status":"publish","type":"post","link":"http:\/\/gruene-lk-ks.de\/baunatal\/einladung-zum-5-stammtisch-der-gruenen-in-baunatal\/","title":{"rendered":"Einladung zum 5. Stammtisch der Gr\u00fcnen in Baunatal"},"content":{"rendered":"\n<p><strong>Am Mittwoch, 22.03.2023 um 19&nbsp; Uhr<br>im \u201eHirschhausen\u201c, Johann-Siegmund-Schuckert-Str. 1&nbsp;in Altenbauna<\/strong><\/p>\n\n\n\n<p><strong>Wir, Gr\u00fcne im Ortsverband Baunatal, diskutieren und engagieren uns aktiv f\u00fcr Interessen der Baunataler B\u00fcrgerinnen und B\u00fcrger. Die Mitglieder bei B\u00fcndnis 90\/Die Gr\u00fcnen und gerne auch interessierte Menschen aus Baunatal sind herzlich eingeladen, beim n\u00e4chsten Stammtisch miteinander ins Gespr\u00e4ch zu kommen und \u00fcber Gr\u00fcne Themen zu diskutieren, um politische Gemeinsamkeiten zu erkunden oder vielleicht auch konstruktiv zu streiten, um Motivation und Kraft zu sch\u00f6pfen f\u00fcr das Einstehen f\u00fcr Gr\u00fcne Politik, um direkt oder indirekt Gr\u00fcne Inhalte im Ortsverband und in der Gr\u00fcnen Fraktion anzusto\u00dfen\u2026 Denn wir setzen uns f\u00fcr eine nachhaltige, klimaneutrale, soziale, weltoffene, integrationsf\u00f6rdernde Stadtpolitik ein!<\/strong><\/p>\n\n\n\n<p><strong>Bei unserem n\u00e4chsten Stammtisch werden wir verschiedene Themen angehen: Bericht der Planungsgruppe f\u00fcr einen Info-Tisch und Aktionen anl\u00e4sslich des Internationalen Tages gegen Rassismus (geplant f\u00fcr den 25.03.23 auf dem Marktplatz\/Europaplatz); Diskussion \u00fcber Nutzungs- und Ausbaum\u00f6glichkeiten erneuerbarer Energiequellen in Baunatal; Gr\u00fcndung einer B\u00fcrger-Energie-Genossenschaft, Ideen\/Planung verschiedener Aktionen: Stadtteilspazierg\u00e4nge, Infotische etc. etc.<\/strong><\/p>\n\n\n\n<figure class=\"wp-block-image size-large\"><a class=\"fancybox\" rel=\"gallery3339\" href=\"http:\/\/gruene-lk-ks.de\/baunatal\/files\/2023\/02\/image.png\"><img loading=\"lazy\" width=\"800\" height=\"385\" src=\"http:\/\/gruene-lk-ks.de\/baunatal\/files\/2023\/02\/image-800x385.png\" alt=\"\" class=\"wp-image-3340\" srcset=\"http:\/\/gruene-lk-ks.de\/baunatal\/files\/2023\/02\/image-800x385.png 800w, http:\/\/gruene-lk-ks.de\/baunatal\/files\/2023\/02\/image-400x193.png 400w, http:\/\/gruene-lk-ks.de\/baunatal\/files\/2023\/02\/image-768x370.png 768w, http:\/\/gruene-lk-ks.de\/baunatal\/files\/2023\/02\/image-1536x739.png 1536w, http:\/\/gruene-lk-ks.de\/baunatal\/files\/2023\/02\/image-2048x986.png 2048w, http:\/\/gruene-lk-ks.de\/baunatal\/files\/2023\/02\/image-150x72.png 150w\" sizes=\"(max-width: 800px) 100vw, 800px\" \/><\/a><figcaption>4. Stammtisch in der \u201eHessenklause\u201c: Juliane, Marcel, Lothar, Irle, Edith, Ede \u2026 und als Fotograph: Bernd<\/figcaption><\/figure>\n","protected":false},"excerpt":{"rendered":"<p>Am Mittwoch, 22.03.2023 um 19&nbsp; Uhrim \u201eHirschhausen\u201c, Johann-Siegmund-Schuckert-Str. 1&nbsp;in Altenbauna Wir, Gr\u00fcne im Ortsverband Baunatal, diskutieren und engagieren uns aktiv f\u00fcr Interessen der Baunataler B\u00fcrgerinnen und B\u00fcrger. Die Mitglieder bei&#8230; <\/p>\n","protected":false},"author":25,"featured_media":3366,"comment_status":"closed","ping_status":"open","sticky":false,"template":"","format":"standard","meta":{"ngg_post_thumbnail":0},"categories":[1],"tags":[7118,7117],"_links":{"self":[{"href":"http:\/\/gruene-lk-ks.de\/baunatal\/wp-json\/wp\/v2\/posts\/3339"}],"collection":[{"href":"http:\/\/gruene-lk-ks.de\/baunatal\/wp-json\/wp\/v2\/posts"}],"about":[{"href":"http:\/\/gruene-lk-ks.de\/baunatal\/wp-json\/wp\/v2\/types\/post"}],"author":[{"embeddable":true,"href":"http:\/\/gruene-lk-ks.de\/baunatal\/wp-json\/wp\/v2\/users\/25"}],"replies":[{"embeddable":true,"href":"http:\/\/gruene-lk-ks.de\/baunatal\/wp-json\/wp\/v2\/comments?post=3339"}],"version-history":[{"count":3,"href":"http:\/\/gruene-lk-ks.de\/baunatal\/wp-json\/wp\/v2\/posts\/3339\/revisions"}],"predecessor-version":[{"id":3367,"href":"http:\/\/gruene-lk-ks.de\/baunatal\/wp-json\/wp\/v2\/posts\/3339\/revisions\/3367"}],"wp:featuredmedia":[{"embeddable":true,"href":"http:\/\/gruene-lk-ks.de\/baunatal\/wp-json\/wp\/v2\/media\/3366"}],"wp:attachment":[{"href":"http:\/\/gruene-lk-ks.de\/baunatal\/wp-json\/wp\/v2\/media?parent=3339"}],"wp:term":[{"taxonomy":"category","embeddable":true,"href":"http:\/\/gruene-lk-ks.de\/baunatal\/wp-json\/wp\/v2\/categories?post=3339"},{"taxonomy":"post_tag","embeddable":true,"href":"http:\/\/gruene-lk-ks.de\/baunatal\/wp-json\/wp\/v2\/tags?post=3339"}],"curies":[{"name":"wp","href":"https:\/\/api.w.org\/{rel}","templated":true}]}}