{"id":3350,"date":"2023-02-26T13:22:52","date_gmt":"2023-02-26T11:22:52","guid":{"rendered":"http:\/\/gruene-lk-ks.de\/baunatal\/?p=3350"},"modified":"2023-02-26T13:23:38","modified_gmt":"2023-02-26T11:23:38","slug":"3350-2","status":"publish","type":"post","link":"http:\/\/gruene-lk-ks.de\/baunatal\/3350-2\/","title":{"rendered":""},"content":{"rendered":"\n<p><\/p>\n\n\n\n<div class=\"wp-block-group\"><div class=\"wp-block-group__inner-container\">\n<div class=\"wp-block-columns\">\n<div class=\"wp-block-column\" style=\"flex-basis:100%\">\n<div class=\"wp-block-columns\">\n<div class=\"wp-block-column\" style=\"flex-basis:66.66%\">\n<div class=\"wp-block-columns\">\n<div class=\"wp-block-column\">\n<figure class=\"wp-block-image size-large\"><a class=\"fancybox\" rel=\"gallery3350\" href=\"http:\/\/gruene-lk-ks.de\/baunatal\/files\/2023\/02\/Logo_Gruene-1.png\"><img loading=\"lazy\" width=\"508\" height=\"271\" src=\"http:\/\/gruene-lk-ks.de\/baunatal\/files\/2023\/02\/Logo_Gruene-1.png\" alt=\"\" class=\"wp-image-3352\" srcset=\"http:\/\/gruene-lk-ks.de\/baunatal\/files\/2023\/02\/Logo_Gruene-1.png 508w, http:\/\/gruene-lk-ks.de\/baunatal\/files\/2023\/02\/Logo_Gruene-1-400x213.png 400w, http:\/\/gruene-lk-ks.de\/baunatal\/files\/2023\/02\/Logo_Gruene-1-150x80.png 150w\" sizes=\"(max-width: 508px) 100vw, 508px\" \/><\/a><\/figure>\n<\/div>\n\n\n\n<div class=\"wp-block-column\"><\/div>\n<\/div>\n<\/div>\n\n\n\n<div class=\"wp-block-column\" style=\"flex-basis:33.33%\">\n<p>Baunatal, 22.02.2023<\/p>\n<\/div>\n<\/div>\n\n\n\n<p><\/p>\n<\/div>\n<\/div>\n\n\n\n<h2 class=\"has-text-align-center\"><strong>Mitgliederversammlung<\/strong><\/h2>\n\n\n\n<p><\/p>\n<\/div><\/div>\n\n\n\n<p><strong>Der Ortsverband Baunatal von B\u00fcndnis 90\/Die GR\u00dcNEN l\u00e4dt ein<\/strong><\/p>\n\n\n\n<p>Datum:\u00a0\u00a0\u00a0\u00a0\u00a0\u00a0\u00a0\u00a0\u00a0Donnerstag, den 16. M\u00e4rz 2023, 19.00 Uhr<\/p>\n\n\n\n<p>Ort: \u00a0\u00a0\u00a0\u00a0\u00a0\u00a0\u00a0\u00a0\u00a0\u00a0\u00a0\u00a0\u00a0\u00a0Dorfgemeinschaftshaus Kirchbauna<\/p>\n\n\n\n<p>\u00a0\u00a0\u00a0\u00a0\u00a0\u00a0\u00a0\u00a0\u00a0\u00a0\u00a0\u00a0\u00a0\u00a0\u00a0\u00a0\u00a0\u00a0\u00a0\u00a0 Hermann-Schafft-Stra\u00dfe 24, 34225 Baunatal<\/p>\n\n\n\n<p><strong><u>Tagesordnung:<\/u><\/strong><\/p>\n\n\n\n<p>TOP 1 &#8211; Begr\u00fc\u00dfung und Feststellung der Beschlussf\u00e4higkeit&nbsp;&nbsp;&nbsp;&nbsp;&nbsp;&nbsp;&nbsp;&nbsp;&nbsp;&nbsp;&nbsp;&nbsp;&nbsp;&nbsp;&nbsp;&nbsp;&nbsp;&nbsp;&nbsp;&nbsp;&nbsp;&nbsp;&nbsp;&nbsp;&nbsp;&nbsp;&nbsp;&nbsp;&nbsp;&nbsp;<\/p>\n\n\n\n<p>TOP 2 &#8211; Antr\u00e4ge und \u00c4nderung der Tagesordnung<\/p>\n\n\n\n<p>TOP 3 &#8211; Bericht Vorstand und Fraktion<\/p>\n\n\n\n<p>TOP 4 \u2013 Zuk\u00fcnftige Arbeitsweise des Ortsverbandes<\/p>\n\n\n\n<p>TOP 5 \u2013 Verteilung von Aufgaben (z.B. Betreuung Internet)<\/p>\n\n\n\n<p>TOP 6 \u2013 Siedlungsentwicklung in Baunatal (u.a. geplante Bebauung von 23 ha in Gro\u00dfenritte)<\/p>\n\n\n\n<p>TOP 7 &#8211; Themen und Aktionen des Ortsverbandes (z.B. auch Gr\u00fcndung Arbeitsgemeinschaften)<\/p>\n\n\n\n<p>TOP 8 &#8211; Aktionen im Jahr 2023<\/p>\n\n\n\n<p>TOP 9 \u2013 Verschiedenes<\/p>\n\n\n\n<p>F\u00fcr den Vorstand<\/p>\n\n\n\n<p>Gerhild Tuchan \/ Monika Woizeschke-Br\u00fcck<\/p>\n\n\n\n<p>Sprecherinnen Ortsverband B\u00fcndnis 90\/Die GR\u00dcNEN Ortsverband Baunatal<\/p>\n\n\n\n<p>Antr\u00e4ge zur Tagesordnung sind bis zum 01. M\u00e4rz 2023 beim Vorstand schriftlich einzureichen.<\/p>\n\n\n\n<p><strong>Alle Mitglieder der GR\u00dcNEN sind herzlich eingeladen, an der Versammlung teilzunehmen.<\/strong><\/p>\n\n\n\n<p><strong>Ebenso willkommen sind die Freunde von B\u00fcndnis 90\/Die GR\u00dcNEN und auch alle G\u00e4ste, die Interesse an einer Mitarbeit in unserem Ortsverband oder allgemein an aktuellen Themen in unserer Stadt haben.<\/strong><\/p>\n\n\n\n<p>Bitte um Anmeldung unter: <a href=\"mailto:gerhild.tuchan@t-online.de\">gerhild.tuchan@t-online.de<\/a> oder 0178\/6685170<\/p>\n\n\n\n<p><\/p>\n","protected":false},"excerpt":{"rendered":"<p>Der Ortsverband Baunatal von B\u00fcndnis 90\/Die GR\u00dcNEN l\u00e4dt ein Datum:\u00a0\u00a0\u00a0\u00a0\u00a0\u00a0\u00a0\u00a0\u00a0Donnerstag, den 16. M\u00e4rz 2023, 19.00 Uhr Ort: \u00a0\u00a0\u00a0\u00a0\u00a0\u00a0\u00a0\u00a0\u00a0\u00a0\u00a0\u00a0\u00a0\u00a0Dorfgemeinschaftshaus Kirchbauna \u00a0\u00a0\u00a0\u00a0\u00a0\u00a0\u00a0\u00a0\u00a0\u00a0\u00a0\u00a0\u00a0\u00a0\u00a0\u00a0\u00a0\u00a0\u00a0\u00a0 Hermann-Schafft-Stra\u00dfe 24, 34225 Baunatal Tagesordnung: TOP 1 &#8211; Begr\u00fc\u00dfung und&#8230; <\/p>\n","protected":false},"author":24,"featured_media":3361,"comment_status":"closed","ping_status":"open","sticky":false,"template":"","format":"standard","meta":{"ngg_post_thumbnail":0},"categories":[1],"tags":[],"_links":{"self":[{"href":"http:\/\/gruene-lk-ks.de\/baunatal\/wp-json\/wp\/v2\/posts\/3350"}],"collection":[{"href":"http:\/\/gruene-lk-ks.de\/baunatal\/wp-json\/wp\/v2\/posts"}],"about":[{"href":"http:\/\/gruene-lk-ks.de\/baunatal\/wp-json\/wp\/v2\/types\/post"}],"author":[{"embeddable":true,"href":"http:\/\/gruene-lk-ks.de\/baunatal\/wp-json\/wp\/v2\/users\/24"}],"replies":[{"embeddable":true,"href":"http:\/\/gruene-lk-ks.de\/baunatal\/wp-json\/wp\/v2\/comments?post=3350"}],"version-history":[{"count":7,"href":"http:\/\/gruene-lk-ks.de\/baunatal\/wp-json\/wp\/v2\/posts\/3350\/revisions"}],"predecessor-version":[{"id":3363,"href":"http:\/\/gruene-lk-ks.de\/baunatal\/wp-json\/wp\/v2\/posts\/3350\/revisions\/3363"}],"wp:featuredmedia":[{"embeddable":true,"href":"http:\/\/gruene-lk-ks.de\/baunatal\/wp-json\/wp\/v2\/media\/3361"}],"wp:attachment":[{"href":"http:\/\/gruene-lk-ks.de\/baunatal\/wp-json\/wp\/v2\/media?parent=3350"}],"wp:term":[{"taxonomy":"category","embeddable":true,"href":"http:\/\/gruene-lk-ks.de\/baunatal\/wp-json\/wp\/v2\/categories?post=3350"},{"taxonomy":"post_tag","embeddable":true,"href":"http:\/\/gruene-lk-ks.de\/baunatal\/wp-json\/wp\/v2\/tags?post=3350"}],"curies":[{"name":"wp","href":"https:\/\/api.w.org\/{rel}","templated":true}]}}