{"id":3384,"date":"2023-03-13T13:38:52","date_gmt":"2023-03-13T11:38:52","guid":{"rendered":"http:\/\/gruene-lk-ks.de\/baunatal\/?p=3384"},"modified":"2023-03-13T13:38:54","modified_gmt":"2023-03-13T11:38:54","slug":"schwimmsport-in-baunatal","status":"publish","type":"post","link":"http:\/\/gruene-lk-ks.de\/baunatal\/schwimmsport-in-baunatal\/","title":{"rendered":"Schwimmsport in Baunatal"},"content":{"rendered":"\n<p>An der Jahreshauptversammlung der Schwimmabteilung am 09.03.2023 nahm Lothar Rost, stellvertretender Fraktionsvorsitzender der GR\u00dcNEN teil.<\/p>\n\n\n\n<p>Unter TOP 6 -T\u00e4tigkeitsbericht berichtete der stellvertretende Abteilungsleiter, Herr Kr\u00e4mer, vom Gespr\u00e4ch mit der Stadt. Den Vereinen wurde eine Beteiligung von 1,1 Mio. \u20ac pro Jahr \u00fcber ein Betreibermodell angeboten. Eine Kostenbeteiligung von 100.000 \u20ac bis 150.000 \u20ac k\u00f6nnten sich die Vereine vorstellen. <strong>\u201eF\u00fcr eine Schrottimmobilie gibt es aber kein Betreibermodell durch F\u00f6rdervereine\u201c<\/strong>.<\/p>\n\n\n\n<p>Die Schwimmabteilung kann in Baunatal keine Wettk\u00e4mpfe mehr austragen, wurde kritisch angemerkt, und damit fallen Einnahmen von ca. 20.000 \u20ac pro Jahr weg. Im Jahr 2022 gab es ein Minus von ca. 12.000 \u20ac, bei Ausgaben von 32.000 \u20ac.<\/p>\n\n\n\n<p>Aufgrund der schlechten Rahmenbedingungen wurde der Mitgliedsbeitrag um 2 \u20ac&nbsp; erh\u00f6ht, gleichzeitig haben sich die Mitgliederzahlen erheblich reduziert.<\/p>\n\n\n\n<p>Eine Schlie\u00dfung des Sportbades w\u00fcrde jedoch das Ende des Schwimm-St\u00fctzpunktes Baunatal bedeuten. <strong>\u201eDer Hochleistungssport ist damit beerdigt\u201c<\/strong>.<\/p>\n\n\n\n<p>Auch gibt es f\u00fcr 200 bis 300 Kinder keinen Schwimmunterricht mehr. Das Sportbad wurde bisher im Sommer als Freibad genutzt. Aktuell ist daf\u00fcr noch keine L\u00f6sung in Sicht. <strong>Das Sportbad ist bis heute eine \u201eunvollendete Geschichte\u201c<\/strong>.<\/p>\n\n\n\n<p>Bereits 2012 gab es mehrere Varianten, aber eine Entscheidung ob Sanierung oder Neubau wurde immer wieder verschoben. Wir GR\u00dcNE hatten 2020 Beispiele von Neubauten genannt, die unter 10 Mio.\u20ac gebaut wurden. Nach einer Besichtigung 2021 des Hallenbades Werdohl wurde ein m\u00f6glicher Anbau an das Freizeitbad von allen Fraktionen als gutes Beispiel angesehen.<\/p>\n\n\n\n<p>Nach internen Berechnungen im Rathaus sollte der Anbau 12,3 Mio. \u20ac kosten.<\/p>\n\n\n\n<p>Eine seri\u00f6se Planung und Kostenkalkulation wurde daf\u00fcr leider nie vorgelegt.<\/p>\n\n\n\n<p>Zusagen \u00fcber F\u00f6rdermittel von 4 Mio. \u20ac lagen zwar vor, aber eine Beantragung&nbsp; wurde per Mehrheitsbeschluss von SPD, CDU und FDP abgelehnt.<\/p>\n\n\n\n<p>Uns GR\u00dcNEN und den Schwimmvereinen war damit klar<strong>: \u201eDas ist das Ende des Sportbades in Baunatal\u201c<\/strong>. Fazit: Vorschl\u00e4ge der GR\u00dcNEN \u00fcber einen Anbau an das Freizeitbad wurden nicht ernsthaft gepr\u00fcft, die Bearbeitung in der Verwaltung erfolgte nicht mit ausreichender Ernsthaftigkeit und Fachkompetenz.<\/p>\n","protected":false},"excerpt":{"rendered":"<p>An der Jahreshauptversammlung der Schwimmabteilung am 09.03.2023 nahm Lothar Rost, stellvertretender Fraktionsvorsitzender der GR\u00dcNEN teil. Unter TOP 6 -T\u00e4tigkeitsbericht berichtete der stellvertretende Abteilungsleiter, Herr Kr\u00e4mer, vom Gespr\u00e4ch mit der Stadt&#8230;. <\/p>\n","protected":false},"author":20,"featured_media":3385,"comment_status":"closed","ping_status":"open","sticky":false,"template":"","format":"standard","meta":{"ngg_post_thumbnail":0},"categories":[1],"tags":[],"_links":{"self":[{"href":"http:\/\/gruene-lk-ks.de\/baunatal\/wp-json\/wp\/v2\/posts\/3384"}],"collection":[{"href":"http:\/\/gruene-lk-ks.de\/baunatal\/wp-json\/wp\/v2\/posts"}],"about":[{"href":"http:\/\/gruene-lk-ks.de\/baunatal\/wp-json\/wp\/v2\/types\/post"}],"author":[{"embeddable":true,"href":"http:\/\/gruene-lk-ks.de\/baunatal\/wp-json\/wp\/v2\/users\/20"}],"replies":[{"embeddable":true,"href":"http:\/\/gruene-lk-ks.de\/baunatal\/wp-json\/wp\/v2\/comments?post=3384"}],"version-history":[{"count":1,"href":"http:\/\/gruene-lk-ks.de\/baunatal\/wp-json\/wp\/v2\/posts\/3384\/revisions"}],"predecessor-version":[{"id":3386,"href":"http:\/\/gruene-lk-ks.de\/baunatal\/wp-json\/wp\/v2\/posts\/3384\/revisions\/3386"}],"wp:featuredmedia":[{"embeddable":true,"href":"http:\/\/gruene-lk-ks.de\/baunatal\/wp-json\/wp\/v2\/media\/3385"}],"wp:attachment":[{"href":"http:\/\/gruene-lk-ks.de\/baunatal\/wp-json\/wp\/v2\/media?parent=3384"}],"wp:term":[{"taxonomy":"category","embeddable":true,"href":"http:\/\/gruene-lk-ks.de\/baunatal\/wp-json\/wp\/v2\/categories?post=3384"},{"taxonomy":"post_tag","embeddable":true,"href":"http:\/\/gruene-lk-ks.de\/baunatal\/wp-json\/wp\/v2\/tags?post=3384"}],"curies":[{"name":"wp","href":"https:\/\/api.w.org\/{rel}","templated":true}]}}