{"id":3447,"date":"2023-05-10T18:36:23","date_gmt":"2023-05-10T16:36:23","guid":{"rendered":"http:\/\/gruene-lk-ks.de\/baunatal\/?p=3447"},"modified":"2023-05-10T18:36:23","modified_gmt":"2023-05-10T16:36:23","slug":"3447-2","status":"publish","type":"post","link":"http:\/\/gruene-lk-ks.de\/baunatal\/3447-2\/","title":{"rendered":""},"content":{"rendered":"\n<figure class=\"wp-block-image size-large is-resized\"><a class=\"fancybox\" rel=\"gallery3447\" href=\"http:\/\/gruene-lk-ks.de\/baunatal\/files\/2023\/05\/Gruene-aktuell.jpeg\"><img loading=\"lazy\" src=\"http:\/\/gruene-lk-ks.de\/baunatal\/files\/2023\/05\/Gruene-aktuell-800x420.jpeg\" alt=\"\" class=\"wp-image-3452\" width=\"580\" height=\"304\" srcset=\"http:\/\/gruene-lk-ks.de\/baunatal\/files\/2023\/05\/Gruene-aktuell-800x420.jpeg 800w, http:\/\/gruene-lk-ks.de\/baunatal\/files\/2023\/05\/Gruene-aktuell-400x210.jpeg 400w, http:\/\/gruene-lk-ks.de\/baunatal\/files\/2023\/05\/Gruene-aktuell-768x403.jpeg 768w, http:\/\/gruene-lk-ks.de\/baunatal\/files\/2023\/05\/Gruene-aktuell-150x79.jpeg 150w, http:\/\/gruene-lk-ks.de\/baunatal\/files\/2023\/05\/Gruene-aktuell.jpeg 1200w\" sizes=\"(max-width: 580px) 100vw, 580px\" \/><\/a><figcaption>Dieser Wunsch ist leider nicht mehr aktuell!! Die Kita-Geb\u00fchren sind lt. mehrheitlichem Beschluss der Stadtverordneten von SPD, CDU und FDP gerade angehoben worden \u2026<\/figcaption><\/figure>\n\n\n\n<p><\/p>\n\n\n\n<p><\/p>\n\n\n\n<h2>Neugr\u00fcndung der AG Soziales im OV der Gr\u00fcnen Baunatal<\/h2>\n\n\n\n<p>Beim ersten Sondierungstreffen haben sich schon gleich vielf\u00e4ltige Themenbereiche aufgezeigt, die wir als Gr\u00fcne hinsichtlich einer verbesserten sozialen Integration der einzelnen Bev\u00f6lkerungsgruppen in Baunatal sehen. Wir m\u00f6chten f\u00fcr eine weltoffene, sozialgerechte und verbindende &#8211; also integrative und nicht ausgrenzende &#8211; Sozialpolitik einstehen, die alle Menschen in Baunatal f\u00f6rdert, insbesondere Sozial Benachteiligte und weitere sogenannte Randgruppen.&nbsp;<\/p>\n\n\n\n<p>In Vorplanung sind Besuche zum informativen Austausch, z.B. im Stadtteilzentum Baunsberg, in einer Moschee, einer Synagoge, bei der Evangelischen und der Katholischen Kirchengemeinde in Baunatal, Besuch der BDKS, Kontakte zum Ausl\u00e4nderbeirat, Kulturfest, Aktuelle Stellenbesetzungen im Rathaus im Bereich Soziales (Kita, Hort, Pflege usw.), Medizinische Versorgungsangebote in Baunatal \u2026 Eine enge Vernetzung mit den Kreis-Gr\u00fcnen ist geplant.&nbsp;<\/p>\n\n\n\n<p><strong>Die n\u00e4chsten Gruppentreffen sind am Di. 16.05.23 um 19 Uhr und am Di. 13.06.23 um 19 Uhr.<\/strong><\/p>\n\n\n\n<p>Wir freuen uns \u00fcber weitere Interessierte, alle sind herzlich willkommen!<\/p>\n\n\n\n<p>Kontakt: Irle J\u00fcrgens, Mail: <a href=\"mailto:die-fitten-huehner@arcor.de\">die-fitten-huehner@arcor.de<\/a><\/p>\n","protected":false},"excerpt":{"rendered":"<p>Neugr\u00fcndung der AG Soziales im OV der Gr\u00fcnen Baunatal Beim ersten Sondierungstreffen haben sich schon gleich vielf\u00e4ltige Themenbereiche aufgezeigt, die wir als Gr\u00fcne hinsichtlich einer verbesserten sozialen Integration der einzelnen&#8230; <\/p>\n","protected":false},"author":25,"featured_media":0,"comment_status":"closed","ping_status":"open","sticky":false,"template":"","format":"standard","meta":{"ngg_post_thumbnail":0},"categories":[1,7113],"tags":[7122],"_links":{"self":[{"href":"http:\/\/gruene-lk-ks.de\/baunatal\/wp-json\/wp\/v2\/posts\/3447"}],"collection":[{"href":"http:\/\/gruene-lk-ks.de\/baunatal\/wp-json\/wp\/v2\/posts"}],"about":[{"href":"http:\/\/gruene-lk-ks.de\/baunatal\/wp-json\/wp\/v2\/types\/post"}],"author":[{"embeddable":true,"href":"http:\/\/gruene-lk-ks.de\/baunatal\/wp-json\/wp\/v2\/users\/25"}],"replies":[{"embeddable":true,"href":"http:\/\/gruene-lk-ks.de\/baunatal\/wp-json\/wp\/v2\/comments?post=3447"}],"version-history":[{"count":5,"href":"http:\/\/gruene-lk-ks.de\/baunatal\/wp-json\/wp\/v2\/posts\/3447\/revisions"}],"predecessor-version":[{"id":3458,"href":"http:\/\/gruene-lk-ks.de\/baunatal\/wp-json\/wp\/v2\/posts\/3447\/revisions\/3458"}],"wp:attachment":[{"href":"http:\/\/gruene-lk-ks.de\/baunatal\/wp-json\/wp\/v2\/media?parent=3447"}],"wp:term":[{"taxonomy":"category","embeddable":true,"href":"http:\/\/gruene-lk-ks.de\/baunatal\/wp-json\/wp\/v2\/categories?post=3447"},{"taxonomy":"post_tag","embeddable":true,"href":"http:\/\/gruene-lk-ks.de\/baunatal\/wp-json\/wp\/v2\/tags?post=3447"}],"curies":[{"name":"wp","href":"https:\/\/api.w.org\/{rel}","templated":true}]}}