{"id":3451,"date":"2023-05-10T17:31:32","date_gmt":"2023-05-10T15:31:32","guid":{"rendered":"http:\/\/gruene-lk-ks.de\/baunatal\/?p=3451"},"modified":"2023-05-10T17:34:54","modified_gmt":"2023-05-10T15:34:54","slug":"feldrundgang-in-grossenritte-nord","status":"publish","type":"post","link":"http:\/\/gruene-lk-ks.de\/baunatal\/feldrundgang-in-grossenritte-nord\/","title":{"rendered":"Feldrundgang in Gro\u00dfenritte-Nord"},"content":{"rendered":"\n<p>Am Samstag, den 29. April 2023 hat ein Feldrundgang mit zahlreichen B\u00fcrger*innen stattgefunden, der von der B\u00fcrgerinitiative Gro\u00dfenritte \u2013 Nord (<a href=\"http:\/\/www.grossenritte-nord.de\/\">www.grossenritte-nord.de<\/a>) organisiert wurde.<\/p>\n\n\n\n<p>Durch das Organisationsteam (die Herren Alexander Liehr, Martin Koch und Luis M\u00f6ller) erfolgte die Begr\u00fc\u00dfung zur Informationsveranstaltung an der Hamburger Stra\u00dfe und und es gab Hinweise zu dem geplanten neuen Siedlungsgebiet.<\/p>\n\n\n\n<p>Bei einem etwa zweist\u00fcndigen Rundgang \u00fcber die Felder wurde an drei Stationen \u00fcber \u201eFeldfr\u00fcchte\u201c, \u201eKlima \/ Bev\u00f6lkerung\u201c und \u201eBodenprofil\u201c berichtet, ebenso wurden Fragen beantwortet. \u00dcber Infoplakate, die sich an den einzelnen Stationen befanden, wurde den B\u00fcrger<strong>*i<\/strong>nnen wichtige Informationen und letztlich auch die Gr\u00f6\u00dfe der Fl\u00e4che, geplant ist ein Neubaugebiet von 23 ha, eindrucksvoll veranschaulicht. Verlust wertvoller landwirtschaftlicher Fl\u00e4chen, Bauen in einer Frischluftschneise aber auch gro\u00dffl\u00e4chige Versiegelung in einem Wasserschutzgebiet mit einem der letzten Tiefbrunnen stehen im krassen Widerspruch zu Forderungen \u201eNachhaltigkeit, Ressourcenschonung, regionale Versorgungssicherheit mit Lebensmitteln und Klimaschutz mehr in den Fokus zu nehmen, im Sinne auch k\u00fcnftiger Generationen.\u201c<\/p>\n\n\n\n<div class=\"wp-block-image\"><figure class=\"alignleft size-large\"><a class=\"fancybox\" rel=\"gallery3451\" href=\"http:\/\/gruene-lk-ks.de\/baunatal\/files\/2023\/05\/BI-Grossenritte-Rundgang-2-scaled-e1683732837963.jpg\"><img loading=\"lazy\" width=\"800\" height=\"294\" src=\"http:\/\/gruene-lk-ks.de\/baunatal\/files\/2023\/05\/BI-Grossenritte-Rundgang-2-scaled-e1683732837963-800x294.jpg\" alt=\"\" class=\"wp-image-3455\" srcset=\"http:\/\/gruene-lk-ks.de\/baunatal\/files\/2023\/05\/BI-Grossenritte-Rundgang-2-scaled-e1683732837963-800x294.jpg 800w, http:\/\/gruene-lk-ks.de\/baunatal\/files\/2023\/05\/BI-Grossenritte-Rundgang-2-scaled-e1683732837963-400x147.jpg 400w, http:\/\/gruene-lk-ks.de\/baunatal\/files\/2023\/05\/BI-Grossenritte-Rundgang-2-scaled-e1683732837963-768x282.jpg 768w, http:\/\/gruene-lk-ks.de\/baunatal\/files\/2023\/05\/BI-Grossenritte-Rundgang-2-scaled-e1683732837963-1536x564.jpg 1536w, http:\/\/gruene-lk-ks.de\/baunatal\/files\/2023\/05\/BI-Grossenritte-Rundgang-2-scaled-e1683732837963-2048x752.jpg 2048w, http:\/\/gruene-lk-ks.de\/baunatal\/files\/2023\/05\/BI-Grossenritte-Rundgang-2-scaled-e1683732837963-150x55.jpg 150w\" sizes=\"(max-width: 800px) 100vw, 800px\" \/><\/a><figcaption>Blick auf die Teilnehmenden am Rundgang<\/figcaption><\/figure><\/div>\n\n\n\n<p>Erschreckend muss festgestellt werden, dass in den letzten 20 Jahren in Baunatal ca. 30 ha Fl\u00e4che neu bebaut und versiegelt wurden, die Einwohnerentwicklung dagegen bei ca. 28.000 Einwohnern geblieben ist. Die Prognosen zur Bev\u00f6lkerungsentwicklung deuten bis 2035 bei zunehmender \u00dcberalterung auf einen R\u00fcckgang hin. Deshalb war nicht nur die Forderung der betroffenen Landwirte sondern auch der meisten der etwa 200 Teilnehmer*innen am Feldrundgang: \u201eDas gute Ackerland muss erhalten bleiben!\u201c Auch zu lesen auf den Hinweisschildern auf den Feldern. Als n\u00e4chstes plant der GR\u00dcNE Ortsverband eine Informationsveranstaltung <strong>am 15. Juni, 2023 ab 19 Uhr <\/strong>f\u00fcr die Baunataler Bev\u00f6lkerung im Hessischen Hof, auf der Experten und Referenten das Thema Wohnungsbau und Siedlungsentwicklung beleuchten werden. Dabei wird u.a. diskutiert: <strong>\u201eSoll Baunatal weiter wachsen?\u201c<\/strong><\/p>\n","protected":false},"excerpt":{"rendered":"<p>Am Samstag, den 29. April 2023 hat ein Feldrundgang mit zahlreichen B\u00fcrger*innen stattgefunden, der von der B\u00fcrgerinitiative Gro\u00dfenritte \u2013 Nord (www.grossenritte-nord.de) organisiert wurde. Durch das Organisationsteam (die Herren Alexander Liehr,&#8230; <\/p>\n","protected":false},"author":20,"featured_media":3456,"comment_status":"closed","ping_status":"open","sticky":false,"template":"","format":"standard","meta":{"ngg_post_thumbnail":0},"categories":[1],"tags":[],"_links":{"self":[{"href":"http:\/\/gruene-lk-ks.de\/baunatal\/wp-json\/wp\/v2\/posts\/3451"}],"collection":[{"href":"http:\/\/gruene-lk-ks.de\/baunatal\/wp-json\/wp\/v2\/posts"}],"about":[{"href":"http:\/\/gruene-lk-ks.de\/baunatal\/wp-json\/wp\/v2\/types\/post"}],"author":[{"embeddable":true,"href":"http:\/\/gruene-lk-ks.de\/baunatal\/wp-json\/wp\/v2\/users\/20"}],"replies":[{"embeddable":true,"href":"http:\/\/gruene-lk-ks.de\/baunatal\/wp-json\/wp\/v2\/comments?post=3451"}],"version-history":[{"count":4,"href":"http:\/\/gruene-lk-ks.de\/baunatal\/wp-json\/wp\/v2\/posts\/3451\/revisions"}],"predecessor-version":[{"id":3461,"href":"http:\/\/gruene-lk-ks.de\/baunatal\/wp-json\/wp\/v2\/posts\/3451\/revisions\/3461"}],"wp:featuredmedia":[{"embeddable":true,"href":"http:\/\/gruene-lk-ks.de\/baunatal\/wp-json\/wp\/v2\/media\/3456"}],"wp:attachment":[{"href":"http:\/\/gruene-lk-ks.de\/baunatal\/wp-json\/wp\/v2\/media?parent=3451"}],"wp:term":[{"taxonomy":"category","embeddable":true,"href":"http:\/\/gruene-lk-ks.de\/baunatal\/wp-json\/wp\/v2\/categories?post=3451"},{"taxonomy":"post_tag","embeddable":true,"href":"http:\/\/gruene-lk-ks.de\/baunatal\/wp-json\/wp\/v2\/tags?post=3451"}],"curies":[{"name":"wp","href":"https:\/\/api.w.org\/{rel}","templated":true}]}}