{"id":3465,"date":"2023-05-10T17:59:54","date_gmt":"2023-05-10T15:59:54","guid":{"rendered":"http:\/\/gruene-lk-ks.de\/baunatal\/?p=3465"},"modified":"2023-05-10T18:01:04","modified_gmt":"2023-05-10T16:01:04","slug":"herzliche-einladung-zur-gruenen-mitgliederversammlung-am-22-5","status":"publish","type":"post","link":"http:\/\/gruene-lk-ks.de\/baunatal\/herzliche-einladung-zur-gruenen-mitgliederversammlung-am-22-5\/","title":{"rendered":"Herzliche Einladung zur GR\u00dcNEN Mitgliederversammlung am 22.5."},"content":{"rendered":"\n<p>Liebe GR\u00dcNE und Freund*innen der GR\u00dcNEN,<\/p>\n\n\n\n<p>die n\u00e4chste Mitgliederversammlung findet statt<\/p>\n\n\n\n<p><strong>am 22.05.2023 um 19.00 Uhr in der Alten Schule, Gr\u00fcner Weg 31 A in Gro\u00dfenritte.<\/strong><\/p>\n\n\n\n<p>Als Tagesordnungspunkte sind geplant:<\/p>\n\n\n\n<ol type=\"1\"><li>Vorstellung des Sachstandes zur Siedlungsentwicklung (geplante Bebauung 23 ha in Gro\u00dfenritte) durch die Fraktion<\/li><li>Vorstellung und Diskussion der bisherigen Ergebnisse und Vorschl\u00e4ge der AG Siedlungsentwicklung<\/li><\/ol>\n\n\n\n<p>Ihr k\u00f6nnt uns wie immer gerne weitere Themen vorschlagen. Diese mailt ihr bitte an mich: gerhild.tuchan@t-online.de. <\/p>\n\n\n\n<p>Gerhild Tuchan <\/p>\n\n\n\n<p>Sprecherin OV Baunatal B\u00fcndnis 90\/DIE GR\u00dcNEN<\/p>\n","protected":false},"excerpt":{"rendered":"<p>Liebe GR\u00dcNE und Freund*innen der GR\u00dcNEN, die n\u00e4chste Mitgliederversammlung findet statt am 22.05.2023 um 19.00 Uhr in der Alten Schule, Gr\u00fcner Weg 31 A in Gro\u00dfenritte. Als Tagesordnungspunkte sind geplant:&#8230; <\/p>\n","protected":false},"author":20,"featured_media":3405,"comment_status":"closed","ping_status":"open","sticky":false,"template":"","format":"standard","meta":{"ngg_post_thumbnail":0},"categories":[1],"tags":[],"_links":{"self":[{"href":"http:\/\/gruene-lk-ks.de\/baunatal\/wp-json\/wp\/v2\/posts\/3465"}],"collection":[{"href":"http:\/\/gruene-lk-ks.de\/baunatal\/wp-json\/wp\/v2\/posts"}],"about":[{"href":"http:\/\/gruene-lk-ks.de\/baunatal\/wp-json\/wp\/v2\/types\/post"}],"author":[{"embeddable":true,"href":"http:\/\/gruene-lk-ks.de\/baunatal\/wp-json\/wp\/v2\/users\/20"}],"replies":[{"embeddable":true,"href":"http:\/\/gruene-lk-ks.de\/baunatal\/wp-json\/wp\/v2\/comments?post=3465"}],"version-history":[{"count":2,"href":"http:\/\/gruene-lk-ks.de\/baunatal\/wp-json\/wp\/v2\/posts\/3465\/revisions"}],"predecessor-version":[{"id":3467,"href":"http:\/\/gruene-lk-ks.de\/baunatal\/wp-json\/wp\/v2\/posts\/3465\/revisions\/3467"}],"wp:featuredmedia":[{"embeddable":true,"href":"http:\/\/gruene-lk-ks.de\/baunatal\/wp-json\/wp\/v2\/media\/3405"}],"wp:attachment":[{"href":"http:\/\/gruene-lk-ks.de\/baunatal\/wp-json\/wp\/v2\/media?parent=3465"}],"wp:term":[{"taxonomy":"category","embeddable":true,"href":"http:\/\/gruene-lk-ks.de\/baunatal\/wp-json\/wp\/v2\/categories?post=3465"},{"taxonomy":"post_tag","embeddable":true,"href":"http:\/\/gruene-lk-ks.de\/baunatal\/wp-json\/wp\/v2\/tags?post=3465"}],"curies":[{"name":"wp","href":"https:\/\/api.w.org\/{rel}","templated":true}]}}