{"id":3472,"date":"2023-05-22T13:57:24","date_gmt":"2023-05-22T11:57:24","guid":{"rendered":"http:\/\/gruene-lk-ks.de\/baunatal\/?p=3472"},"modified":"2023-05-22T13:57:26","modified_gmt":"2023-05-22T11:57:26","slug":"neues-vom-vorstand-des-gruenen-ortsverbands-baunatal","status":"publish","type":"post","link":"http:\/\/gruene-lk-ks.de\/baunatal\/neues-vom-vorstand-des-gruenen-ortsverbands-baunatal\/","title":{"rendered":"Neues vom Vorstand des GR\u00dcNEN Ortsverbands Baunatal"},"content":{"rendered":"\n<p>Auf ihrer Vorstandssitzung Mitte Mai befassten sich die GR\u00dcNEN mit wichtigen Themen wie der Landtagswahl im Oktober 2023 und den n\u00e4chsten Schritten zum Thema Siedlungsentwicklung sowie damit verbundenen Terminen f\u00fcr Veranstaltungen. So wird es eine <strong>B\u00fcrgerinformation am 15. Juni 2023<\/strong> im Hessischen Hof geben, zum geplanten 23 ha gro\u00dfen neuen Baugebiet Gro\u00dfenritte-Nord, u.a. mit Experten, einem Sprecher der <a href=\"https:\/\/www.grossenritte-nord.de\/\" target=\"_blank\" rel=\"noreferrer noopener\">BI Gro\u00dfenritte-Nord<\/a> und einem Vorstandssprecher der GR\u00dcNEN auf Kreisebene.<\/p>\n\n\n\n<p>Im Vorfeld werden sich der GR\u00dcNE Ortsverband und die Stadtverordnetenfraktion austauschen, wie der Informationsabend verlaufen kann. Dabei wurde in der Vorstandssitzung noch einmal r\u00fcckblickend die hervorragende logistische Arbeit der BI beim <a href=\"https:\/\/www.hna.de\/lokales\/kreis-kassel\/baunatal-ort312516\/buergerinitiative-gegen-bauprojekt-in-grossenritte-nimmt-fahrt-auf-92250009.html\" target=\"_blank\" rel=\"noreferrer noopener\">Feldrundgang <\/a>gelobt, unterst\u00fctzt durch zahlreiche Helfer*innen und mit einer Teilnehmerzahl von ca. 200 B\u00fcrger*innen.<\/p>\n\n\n\n<p>Weitere Themen auf der Sitzung war die Arbeit der jeweiligen Arbeitskreise zu \u00d6PNV, Soziales und Haushalt. Hier\u00fcber soll zeitnah berichtet werden. Schlie\u00dflich berieten die \u201eVorst\u00e4ndler\u201c mit unserem GR\u00dcNEN Direktkandidaten im Wahlkreis 02, Dr. Thomas Gudehus (Baunatal), wie der Landtagswahlkampf in der \u201ehei\u00dfen Phase\u201c, d.h. nach den Sommerferien gestaltet werden kann, mit Wahlst\u00e4nden in der Baunataler Innenstadt und der Plakatierung.<\/p>\n\n\n\n<p><strong>Termine der kommenden Wochen als Vorschau. (<\/strong>N\u00e4here Infos dazu erfolgen zeitnah!)<\/p>\n\n\n\n<ul><li>Mittwoch, 24. Juni 2023, AK Siedlungsentwicklung in Guntershausen<\/li><li>Montag, 5. Juni 2023, 19:00 Uhr, Veranstaltung zum Thema \u201cAusgleichsfl\u00e4chen\u201c, in der Gesch\u00e4ftsstelle der GR\u00dcNEN in Kassel, Sickingenstr. 7-9\u00a0<\/li><li>Samstag, 3.\/10. Juni 2023, Info-Stand zur Siedlungsentwicklung\u00a0\u00a0<\/li><li>Donnerstag, 15. Juni 2023, B\u00fcrgerinformation im Hessischen Hof\u00a0\u00a0\u00a0<\/li><li>Dienstag, 21. Juni 2023, 19 Uhr, OV-Vorstandssitzung\u00a0\u00a0<\/li><li>Samstag, 25. Juni 2023, 12 Uhr, Sommerfest des GR\u00dcNEN KV im Ahnepark, Vellmar\u00a0\u00a0\u00a0\u00a0\u00a0\u00a0\u00a0\u00a0\u00a0\u00a0\u00a0 <\/li><\/ul>\n\n\n\n<p><\/p>\n","protected":false},"excerpt":{"rendered":"<p>Auf ihrer Vorstandssitzung Mitte Mai befassten sich die GR\u00dcNEN mit wichtigen Themen wie der Landtagswahl im Oktober 2023 und den n\u00e4chsten Schritten zum Thema Siedlungsentwicklung sowie damit verbundenen Terminen f\u00fcr&#8230; <\/p>\n","protected":false},"author":20,"featured_media":3473,"comment_status":"closed","ping_status":"open","sticky":false,"template":"","format":"standard","meta":{"ngg_post_thumbnail":0},"categories":[1],"tags":[],"_links":{"self":[{"href":"http:\/\/gruene-lk-ks.de\/baunatal\/wp-json\/wp\/v2\/posts\/3472"}],"collection":[{"href":"http:\/\/gruene-lk-ks.de\/baunatal\/wp-json\/wp\/v2\/posts"}],"about":[{"href":"http:\/\/gruene-lk-ks.de\/baunatal\/wp-json\/wp\/v2\/types\/post"}],"author":[{"embeddable":true,"href":"http:\/\/gruene-lk-ks.de\/baunatal\/wp-json\/wp\/v2\/users\/20"}],"replies":[{"embeddable":true,"href":"http:\/\/gruene-lk-ks.de\/baunatal\/wp-json\/wp\/v2\/comments?post=3472"}],"version-history":[{"count":1,"href":"http:\/\/gruene-lk-ks.de\/baunatal\/wp-json\/wp\/v2\/posts\/3472\/revisions"}],"predecessor-version":[{"id":3474,"href":"http:\/\/gruene-lk-ks.de\/baunatal\/wp-json\/wp\/v2\/posts\/3472\/revisions\/3474"}],"wp:featuredmedia":[{"embeddable":true,"href":"http:\/\/gruene-lk-ks.de\/baunatal\/wp-json\/wp\/v2\/media\/3473"}],"wp:attachment":[{"href":"http:\/\/gruene-lk-ks.de\/baunatal\/wp-json\/wp\/v2\/media?parent=3472"}],"wp:term":[{"taxonomy":"category","embeddable":true,"href":"http:\/\/gruene-lk-ks.de\/baunatal\/wp-json\/wp\/v2\/categories?post=3472"},{"taxonomy":"post_tag","embeddable":true,"href":"http:\/\/gruene-lk-ks.de\/baunatal\/wp-json\/wp\/v2\/tags?post=3472"}],"curies":[{"name":"wp","href":"https:\/\/api.w.org\/{rel}","templated":true}]}}