{"id":3486,"date":"2023-05-22T14:27:44","date_gmt":"2023-05-22T12:27:44","guid":{"rendered":"http:\/\/gruene-lk-ks.de\/baunatal\/?p=3486"},"modified":"2023-05-22T14:27:46","modified_gmt":"2023-05-22T12:27:46","slug":"komm-in-unser-team-beim-stadtradeln","status":"publish","type":"post","link":"http:\/\/gruene-lk-ks.de\/baunatal\/komm-in-unser-team-beim-stadtradeln\/","title":{"rendered":"Komm in unser Team beim Stadtradeln"},"content":{"rendered":"\n<p>Liebe Freund:innen der zweir\u00e4drigen Mobilit\u00e4t!<\/p>\n\n\n\n<p>Auch in diesem Jahr sind die Baunataler Gr\u00fcnen wieder beim Stadtradeln (<a href=\"https:\/\/www.stadtradeln.de\/baunatal\" target=\"_blank\" rel=\"noreferrer noopener\">https:\/\/www.stadtradeln.de\/baunatal<\/a>) angemeldet und treten, frei nach dem Motto \u201eVerbrenn mal Kalorien, statt Benzin!\u201c, in die Pedale.<\/p>\n\n\n\n<p>In der offenen Gruppe <strong>GR\u00dcNE und Freund:innen <\/strong>sind alle Baunataler:innen willkommen, die sich unsere Stadt und die wundersch\u00f6ne Landschaft drumherum am liebsten aktiv vom Sattel aus erschlie\u00dfen. Also meldet euch an und sammelt mit uns flei\u00dfig Kilometer!<\/p>\n\n\n\n<figure class=\"wp-block-image size-large\"><a class=\"fancybox\" rel=\"gallery3486\" href=\"http:\/\/gruene-lk-ks.de\/baunatal\/files\/2023\/05\/Sharepic-Stadtradeln.jpeg\"><img loading=\"lazy\" width=\"800\" height=\"800\" src=\"http:\/\/gruene-lk-ks.de\/baunatal\/files\/2023\/05\/Sharepic-Stadtradeln-800x800.jpeg\" alt=\"\" class=\"wp-image-3487\" srcset=\"http:\/\/gruene-lk-ks.de\/baunatal\/files\/2023\/05\/Sharepic-Stadtradeln-800x800.jpeg 800w, http:\/\/gruene-lk-ks.de\/baunatal\/files\/2023\/05\/Sharepic-Stadtradeln-400x400.jpeg 400w, http:\/\/gruene-lk-ks.de\/baunatal\/files\/2023\/05\/Sharepic-Stadtradeln-150x150.jpeg 150w, http:\/\/gruene-lk-ks.de\/baunatal\/files\/2023\/05\/Sharepic-Stadtradeln-768x768.jpeg 768w, http:\/\/gruene-lk-ks.de\/baunatal\/files\/2023\/05\/Sharepic-Stadtradeln.jpeg 1080w\" sizes=\"(max-width: 800px) 100vw, 800px\" \/><\/a><\/figure>\n\n\n\n<p>Gut f\u00fcr K\u00f6rper und Seele, gut f\u00fcrs Klima, gut f\u00fcr Baunatal &#8211; Helm auf, ab gehts!<\/p>\n","protected":false},"excerpt":{"rendered":"<p>Liebe Freund:innen der zweir\u00e4drigen Mobilit\u00e4t! Auch in diesem Jahr sind die Baunataler Gr\u00fcnen wieder beim Stadtradeln (https:\/\/www.stadtradeln.de\/baunatal) angemeldet und treten, frei nach dem Motto \u201eVerbrenn mal Kalorien, statt Benzin!\u201c, in&#8230; <\/p>\n","protected":false},"author":20,"featured_media":3390,"comment_status":"closed","ping_status":"open","sticky":false,"template":"","format":"standard","meta":{"ngg_post_thumbnail":0},"categories":[1],"tags":[],"_links":{"self":[{"href":"http:\/\/gruene-lk-ks.de\/baunatal\/wp-json\/wp\/v2\/posts\/3486"}],"collection":[{"href":"http:\/\/gruene-lk-ks.de\/baunatal\/wp-json\/wp\/v2\/posts"}],"about":[{"href":"http:\/\/gruene-lk-ks.de\/baunatal\/wp-json\/wp\/v2\/types\/post"}],"author":[{"embeddable":true,"href":"http:\/\/gruene-lk-ks.de\/baunatal\/wp-json\/wp\/v2\/users\/20"}],"replies":[{"embeddable":true,"href":"http:\/\/gruene-lk-ks.de\/baunatal\/wp-json\/wp\/v2\/comments?post=3486"}],"version-history":[{"count":1,"href":"http:\/\/gruene-lk-ks.de\/baunatal\/wp-json\/wp\/v2\/posts\/3486\/revisions"}],"predecessor-version":[{"id":3488,"href":"http:\/\/gruene-lk-ks.de\/baunatal\/wp-json\/wp\/v2\/posts\/3486\/revisions\/3488"}],"wp:featuredmedia":[{"embeddable":true,"href":"http:\/\/gruene-lk-ks.de\/baunatal\/wp-json\/wp\/v2\/media\/3390"}],"wp:attachment":[{"href":"http:\/\/gruene-lk-ks.de\/baunatal\/wp-json\/wp\/v2\/media?parent=3486"}],"wp:term":[{"taxonomy":"category","embeddable":true,"href":"http:\/\/gruene-lk-ks.de\/baunatal\/wp-json\/wp\/v2\/categories?post=3486"},{"taxonomy":"post_tag","embeddable":true,"href":"http:\/\/gruene-lk-ks.de\/baunatal\/wp-json\/wp\/v2\/tags?post=3486"}],"curies":[{"name":"wp","href":"https:\/\/api.w.org\/{rel}","templated":true}]}}