{"id":3503,"date":"2023-06-12T18:05:53","date_gmt":"2023-06-12T16:05:53","guid":{"rendered":"http:\/\/gruene-lk-ks.de\/baunatal\/?p=3503"},"modified":"2023-06-15T16:38:04","modified_gmt":"2023-06-15T14:38:04","slug":"gruener-stammtisch","status":"publish","type":"post","link":"http:\/\/gruene-lk-ks.de\/baunatal\/gruener-stammtisch\/","title":{"rendered":"Gr\u00fcner Stammtisch"},"content":{"rendered":"\n<figure class=\"wp-block-image size-large\"><a class=\"fancybox\" rel=\"gallery3503\" href=\"http:\/\/gruene-lk-ks.de\/baunatal\/files\/2023\/06\/IMG_0098.jpeg\"><img loading=\"lazy\" width=\"800\" height=\"495\" src=\"http:\/\/gruene-lk-ks.de\/baunatal\/files\/2023\/06\/IMG_0098-800x495.jpeg\" alt=\"\" class=\"wp-image-3504\" srcset=\"http:\/\/gruene-lk-ks.de\/baunatal\/files\/2023\/06\/IMG_0098-800x495.jpeg 800w, http:\/\/gruene-lk-ks.de\/baunatal\/files\/2023\/06\/IMG_0098-400x247.jpeg 400w, http:\/\/gruene-lk-ks.de\/baunatal\/files\/2023\/06\/IMG_0098-768x475.jpeg 768w, http:\/\/gruene-lk-ks.de\/baunatal\/files\/2023\/06\/IMG_0098-150x93.jpeg 150w, http:\/\/gruene-lk-ks.de\/baunatal\/files\/2023\/06\/IMG_0098.jpeg 1080w\" sizes=\"(max-width: 800px) 100vw, 800px\" \/><\/a><\/figure>\n\n\n\n<p>Sommerloch &#8211; das gibt es bei uns nicht \ud83d\ude42 Wir, GR\u00dcNE aus dem OV Baunatal, treffen uns zum n\u00e4chsten Stammtisch am Di. 20.06.23 und werden uns wieder intensiv \u00fcber (stadt-)politische Themen austauschen.<\/p>\n\n\n\n<p>Auf jeden Fall wird es eine Nachlese zur Veranstaltung vom 15.06.23 rund um das Thema \u201eSiedlungsentwicklung\u201c geben und wir werden uns mit den Fragen besch\u00e4ftigen, wie es weitergeht bzw. welche politischen M\u00f6glichkeiten es gibt, um das Vorhaben der Stadt und der Mehrheitspartei(en) auszubremsen.<\/p>\n\n\n\n<p>Weitere interessante Diskussionen und Informationen d\u00fcrften sich aus den Berichten aus den weiteren Arbeitsgruppen Soziales, Energie, \u00d6PNV usw. sowie von der Wahlkampfkommission zur Vorbereitung des GR\u00dcNEN Landtagswahlkampfes ergeben. Nicht-Mitglieder und interessierte B\u00fcrger*innen sind herzlich willkommen!<\/p>\n","protected":false},"excerpt":{"rendered":"<p>Sommerloch &#8211; das gibt es bei uns nicht \ud83d\ude42 Wir, GR\u00dcNE aus dem OV Baunatal, treffen uns zum n\u00e4chsten Stammtisch am Di. 20.06.23 und werden uns wieder intensiv \u00fcber (stadt-)politische&#8230; <\/p>\n","protected":false},"author":25,"featured_media":3504,"comment_status":"closed","ping_status":"open","sticky":false,"template":"","format":"standard","meta":{"ngg_post_thumbnail":0},"categories":[7113],"tags":[7117],"_links":{"self":[{"href":"http:\/\/gruene-lk-ks.de\/baunatal\/wp-json\/wp\/v2\/posts\/3503"}],"collection":[{"href":"http:\/\/gruene-lk-ks.de\/baunatal\/wp-json\/wp\/v2\/posts"}],"about":[{"href":"http:\/\/gruene-lk-ks.de\/baunatal\/wp-json\/wp\/v2\/types\/post"}],"author":[{"embeddable":true,"href":"http:\/\/gruene-lk-ks.de\/baunatal\/wp-json\/wp\/v2\/users\/25"}],"replies":[{"embeddable":true,"href":"http:\/\/gruene-lk-ks.de\/baunatal\/wp-json\/wp\/v2\/comments?post=3503"}],"version-history":[{"count":2,"href":"http:\/\/gruene-lk-ks.de\/baunatal\/wp-json\/wp\/v2\/posts\/3503\/revisions"}],"predecessor-version":[{"id":3507,"href":"http:\/\/gruene-lk-ks.de\/baunatal\/wp-json\/wp\/v2\/posts\/3503\/revisions\/3507"}],"wp:featuredmedia":[{"embeddable":true,"href":"http:\/\/gruene-lk-ks.de\/baunatal\/wp-json\/wp\/v2\/media\/3504"}],"wp:attachment":[{"href":"http:\/\/gruene-lk-ks.de\/baunatal\/wp-json\/wp\/v2\/media?parent=3503"}],"wp:term":[{"taxonomy":"category","embeddable":true,"href":"http:\/\/gruene-lk-ks.de\/baunatal\/wp-json\/wp\/v2\/categories?post=3503"},{"taxonomy":"post_tag","embeddable":true,"href":"http:\/\/gruene-lk-ks.de\/baunatal\/wp-json\/wp\/v2\/tags?post=3503"}],"curies":[{"name":"wp","href":"https:\/\/api.w.org\/{rel}","templated":true}]}}