{"id":3508,"date":"2023-06-15T17:10:30","date_gmt":"2023-06-15T15:10:30","guid":{"rendered":"http:\/\/gruene-lk-ks.de\/baunatal\/?p=3508"},"modified":"2023-06-15T17:10:32","modified_gmt":"2023-06-15T15:10:32","slug":"gut-besuchte-mitgliederversammlung-der-gruenen-baunatal","status":"publish","type":"post","link":"http:\/\/gruene-lk-ks.de\/baunatal\/gut-besuchte-mitgliederversammlung-der-gruenen-baunatal\/","title":{"rendered":"Gut besuchte Mitgliederversammlung der GR\u00dcNEN Baunatal"},"content":{"rendered":"\n<p>Der Ortsverband von B\u00fcndnis 90\/DIE GR\u00dcNEN hat sich am 22.05.2023 zu einer Mitgliederversammlung in der Alten Schule in Gro\u00dfenritte getroffen. Anwesend waren 20 Mitglieder und drei G\u00e4ste. Als Direktkandidat von B\u00fcndnis 90\/DIE GR\u00dcNEN im Wahlkreis Kassel-Land II stellte sich der erfahrene Kommunalpolitiker <strong>Dr. Thomas Gudehus<\/strong> vor, der seit\u00a0 17 Jahren Kreistagsabgeordneter und dort seit 2 Jahren auch Fraktionsvorsitzender ist. Seine Schwerpunktthemen werden die Klimakrise und die Frage von Respekt in Politik und Gesellschaft sein.<\/p>\n\n\n\n<p>Anschlie\u00dfend stellten die neu gegr\u00fcndeten Arbeitsgemeinschaften ihre bisherigen Ergebnisse vor. Die AG Siedlungsentwicklung k\u00fcndigte eine<\/p>\n\n\n\n<p><strong>Diskussionsveranstaltung zum Thema \u201eSiedlungsentwicklung: Muss Baunatal weiter wachsen?\u201c am 15.06.2023 um 19.00 Uhr im Hessischen Hof, Elgersh\u00e4user Str. 3, Gro\u00dfenritte an.<\/strong><\/p>\n\n\n\n<p>Diskussionsteilnehmer werden u.a. Herr Prof. Dr. Althaus von der Uni Kassel, Fachbereich Stadterneuerung und -planung, sowie die B\u00fcrgerinitiative Gro\u00dfenritte-Nord sein, die sich gegen die Fl\u00e4chenversiegelung von 23 ha Ackerland durch die geplante Neubebauung in Gro\u00dfenritte wendet. Erl\u00e4utert werden in diesem Zusammenhang auch die Grundz\u00fcge des Bauplanungsrechts wie z.B. Fl\u00e4chennutzungsplan und Bebauungsplan, um auch die rechtlichen Rahmenbedingungen der geplanten Bebauung zu erl\u00e4utern. Die Veranstaltung ist f\u00fcr alle Interessierten B\u00fcrger*innen ohne vorherige Anmeldung offen.<\/p>\n\n\n\n<p>Die AG Soziales berichtete \u00fcber geplante Besuche beim Stadtteilzentrum am Baunsberg mit der Fragestellung, ob und wie in Baunatal die Integration aller Einwohner*innen gleich welcher Herkunft und\/oder Sprache gelingt, sowie bei der BDKS und verschiedenen Religionsgemeinschaften. Die AG Energie hat sich zum Ziel gesetzt, verschiedene Informationsveranstaltungen z.B. der Verbraucherzentrale zum Thema Energiesparen durchzuf\u00fchren. Auch die kommunale W\u00e4rmeleitplanung soll politisch begleitet werden. Die AG \u00d6PNV besch\u00e4ftigt sich mit der Verbesserung der Taktung und \u00c4nderung der Fahrtrouten der Busse von Rengershausen zum Bahnhof Rengershausen, so dass die Z\u00fcge von und nach Kassel zeitlich und auch f\u00fcr Menschen mit Behinderungen gut erreicht werden k\u00f6nnen. Weitere Themen sind der \u00d6PNV on demand sowie die Verbesserung der Radwege.<\/p>\n","protected":false},"excerpt":{"rendered":"<p>Der Ortsverband von B\u00fcndnis 90\/DIE GR\u00dcNEN hat sich am 22.05.2023 zu einer Mitgliederversammlung in der Alten Schule in Gro\u00dfenritte getroffen. Anwesend waren 20 Mitglieder und drei G\u00e4ste. Als Direktkandidat von&#8230; <\/p>\n","protected":false},"author":20,"featured_media":3509,"comment_status":"closed","ping_status":"open","sticky":false,"template":"","format":"standard","meta":{"ngg_post_thumbnail":0},"categories":[1],"tags":[],"_links":{"self":[{"href":"http:\/\/gruene-lk-ks.de\/baunatal\/wp-json\/wp\/v2\/posts\/3508"}],"collection":[{"href":"http:\/\/gruene-lk-ks.de\/baunatal\/wp-json\/wp\/v2\/posts"}],"about":[{"href":"http:\/\/gruene-lk-ks.de\/baunatal\/wp-json\/wp\/v2\/types\/post"}],"author":[{"embeddable":true,"href":"http:\/\/gruene-lk-ks.de\/baunatal\/wp-json\/wp\/v2\/users\/20"}],"replies":[{"embeddable":true,"href":"http:\/\/gruene-lk-ks.de\/baunatal\/wp-json\/wp\/v2\/comments?post=3508"}],"version-history":[{"count":1,"href":"http:\/\/gruene-lk-ks.de\/baunatal\/wp-json\/wp\/v2\/posts\/3508\/revisions"}],"predecessor-version":[{"id":3510,"href":"http:\/\/gruene-lk-ks.de\/baunatal\/wp-json\/wp\/v2\/posts\/3508\/revisions\/3510"}],"wp:featuredmedia":[{"embeddable":true,"href":"http:\/\/gruene-lk-ks.de\/baunatal\/wp-json\/wp\/v2\/media\/3509"}],"wp:attachment":[{"href":"http:\/\/gruene-lk-ks.de\/baunatal\/wp-json\/wp\/v2\/media?parent=3508"}],"wp:term":[{"taxonomy":"category","embeddable":true,"href":"http:\/\/gruene-lk-ks.de\/baunatal\/wp-json\/wp\/v2\/categories?post=3508"},{"taxonomy":"post_tag","embeddable":true,"href":"http:\/\/gruene-lk-ks.de\/baunatal\/wp-json\/wp\/v2\/tags?post=3508"}],"curies":[{"name":"wp","href":"https:\/\/api.w.org\/{rel}","templated":true}]}}