{"id":3526,"date":"2023-07-14T21:20:05","date_gmt":"2023-07-14T19:20:05","guid":{"rendered":"http:\/\/gruene-lk-ks.de\/baunatal\/?p=3526"},"modified":"2023-07-14T21:20:07","modified_gmt":"2023-07-14T19:20:07","slug":"zur-geplanten-grossflaechige-bebauung-in-grossenritte","status":"publish","type":"post","link":"http:\/\/gruene-lk-ks.de\/baunatal\/zur-geplanten-grossflaechige-bebauung-in-grossenritte\/","title":{"rendered":"Zur geplanten gro\u00dffl\u00e4chige Bebauung in Gro\u00dfenritte"},"content":{"rendered":"\n<p>Der Ortsverband B\u00fcndnis90\/Die Gr\u00fcnen hat sich bei der letzten Mitgliederversammlung am 06.07.2023 mit gro\u00dfer Klarheit <strong>einstimmig gegen die Bebauung des Baugebietes Gro\u00dfenritte<\/strong> &#8211; Nord mit einer geplanten Fl\u00e4chenversiegelung von 23 ha Ackerland ausgesprochen.<\/p>\n\n\n\n<p>Das Neubaugebiet ist nach Aussage des Zweckverbandes Raum Kassel (ZRK)\u201eaus naturschutzfachlichen und klimatischen Gr\u00fcnden problematisch\u201c und es hat \u201eAuswirkungen auf die Landwirtschaft und das Klima\u201c.<\/p>\n\n\n\n<p>Die GR\u00dcNE &#8211; Stadtverordnetenfraktion hat bereits in der Stadtverordnetenversammlung am 27.02.2023 gegen die \u201eSt\u00e4dtebauliche Absichtserkl\u00e4rung mit der deuhab\u201c und damit gegen eine Bebauung in Gro\u00dfenritte gestimmt.<\/p>\n\n\n\n<p>Wir bleiben am Thema dran. Der GR\u00dcNE \u2013 Ortsverband k\u00fcndigt daher an einen,<\/p>\n\n\n\n<p class=\"has-text-align-center\">Infostand zum Baugebiet Gro\u00dfenritte \u2013 Nord<\/p>\n\n\n\n<p class=\"has-text-align-center\">am Samstag, den 22.07.2023, von 8.00 bis 14.00 Uhr<\/p>\n\n\n\n<p class=\"has-text-align-center\">auf dem Europaplatz \/ Marktplatz.<\/p>\n","protected":false},"excerpt":{"rendered":"<p>Der Ortsverband B\u00fcndnis90\/Die Gr\u00fcnen hat sich bei der letzten Mitgliederversammlung am 06.07.2023 mit gro\u00dfer Klarheit einstimmig gegen die Bebauung des Baugebietes Gro\u00dfenritte &#8211; Nord mit einer geplanten Fl\u00e4chenversiegelung von 23&#8230; <\/p>\n","protected":false},"author":20,"featured_media":3509,"comment_status":"closed","ping_status":"open","sticky":false,"template":"","format":"standard","meta":{"ngg_post_thumbnail":0},"categories":[1],"tags":[],"_links":{"self":[{"href":"http:\/\/gruene-lk-ks.de\/baunatal\/wp-json\/wp\/v2\/posts\/3526"}],"collection":[{"href":"http:\/\/gruene-lk-ks.de\/baunatal\/wp-json\/wp\/v2\/posts"}],"about":[{"href":"http:\/\/gruene-lk-ks.de\/baunatal\/wp-json\/wp\/v2\/types\/post"}],"author":[{"embeddable":true,"href":"http:\/\/gruene-lk-ks.de\/baunatal\/wp-json\/wp\/v2\/users\/20"}],"replies":[{"embeddable":true,"href":"http:\/\/gruene-lk-ks.de\/baunatal\/wp-json\/wp\/v2\/comments?post=3526"}],"version-history":[{"count":1,"href":"http:\/\/gruene-lk-ks.de\/baunatal\/wp-json\/wp\/v2\/posts\/3526\/revisions"}],"predecessor-version":[{"id":3527,"href":"http:\/\/gruene-lk-ks.de\/baunatal\/wp-json\/wp\/v2\/posts\/3526\/revisions\/3527"}],"wp:featuredmedia":[{"embeddable":true,"href":"http:\/\/gruene-lk-ks.de\/baunatal\/wp-json\/wp\/v2\/media\/3509"}],"wp:attachment":[{"href":"http:\/\/gruene-lk-ks.de\/baunatal\/wp-json\/wp\/v2\/media?parent=3526"}],"wp:term":[{"taxonomy":"category","embeddable":true,"href":"http:\/\/gruene-lk-ks.de\/baunatal\/wp-json\/wp\/v2\/categories?post=3526"},{"taxonomy":"post_tag","embeddable":true,"href":"http:\/\/gruene-lk-ks.de\/baunatal\/wp-json\/wp\/v2\/tags?post=3526"}],"curies":[{"name":"wp","href":"https:\/\/api.w.org\/{rel}","templated":true}]}}