{"id":3532,"date":"2023-07-17T21:38:04","date_gmt":"2023-07-17T19:38:04","guid":{"rendered":"http:\/\/gruene-lk-ks.de\/baunatal\/?p=3532"},"modified":"2023-07-18T20:11:24","modified_gmt":"2023-07-18T18:11:24","slug":"was-ist-los-in-grossenritte-nord-infomarkt-in-der-stadthalle-am-22-7","status":"publish","type":"post","link":"http:\/\/gruene-lk-ks.de\/baunatal\/was-ist-los-in-grossenritte-nord-infomarkt-in-der-stadthalle-am-22-7\/","title":{"rendered":"Was ist los in Gro\u00dfenritte-Nord? &#8211; Infomarkt in der Stadthalle am 22.7."},"content":{"rendered":"\n<p>Am 22.07. findet ein Infomarkt in der Stadthalle, organisiert vom Rathaus, statt. Beiteiligte Akteure k\u00f6nnen Ihre Sicht der Dinge interessierten B\u00fcrger:innen vorstellen und gemeinsam diskutieren. <\/p>\n\n\n\n<figure class=\"wp-block-image size-large\"><a class=\"fancybox\" rel=\"gallery3532\" href=\"http:\/\/gruene-lk-ks.de\/baunatal\/files\/2023\/07\/Infomarkt-Siedlungsentwicklung-Einladung.jpg\"><img loading=\"lazy\" width=\"800\" height=\"525\" src=\"http:\/\/gruene-lk-ks.de\/baunatal\/files\/2023\/07\/Infomarkt-Siedlungsentwicklung-Einladung-800x525.jpg\" alt=\"\" class=\"wp-image-3533\" srcset=\"http:\/\/gruene-lk-ks.de\/baunatal\/files\/2023\/07\/Infomarkt-Siedlungsentwicklung-Einladung-800x525.jpg 800w, http:\/\/gruene-lk-ks.de\/baunatal\/files\/2023\/07\/Infomarkt-Siedlungsentwicklung-Einladung-400x262.jpg 400w, http:\/\/gruene-lk-ks.de\/baunatal\/files\/2023\/07\/Infomarkt-Siedlungsentwicklung-Einladung-768x504.jpg 768w, http:\/\/gruene-lk-ks.de\/baunatal\/files\/2023\/07\/Infomarkt-Siedlungsentwicklung-Einladung-150x98.jpg 150w, http:\/\/gruene-lk-ks.de\/baunatal\/files\/2023\/07\/Infomarkt-Siedlungsentwicklung-Einladung.jpg 1081w\" sizes=\"(max-width: 800px) 100vw, 800px\" \/><\/a><figcaption>entnommen den <a href=\"https:\/\/www2.hna.de\/bkbackoffice\/getcatalog.do;jsessionid=2BB0AB1BEC89A2259BA1B9C71B58B3FE?catalogId=205780&amp;portalsession=#page_4\">Baunataler Nachrichten<\/a> vom 12.07.2023, S.5<\/figcaption><\/figure>\n\n\n\n<p>Wir als Gr\u00fcne in Baunatal haben leider keine Genehmigung f\u00fcr einen Stand in der Stadthalle bekommen. Ihr k\u00f6nnt uns aber finden <\/p>\n\n\n\n<h3><strong>von 09:00-14:00Uhr auf dem Europaplatz mit einen Infostand<\/strong> <\/h3>\n\n\n\n<p>(also direkt vor dem Stadthallen-Eingang) und dort mit uns ins Gespr\u00e4ch kommen.<\/p>\n\n\n\n<p>Es wird auch vertreten sein die B\u00fcrgerinitiative Gro\u00dfenritte-Nord, die dem Bebauungsvorhaben kritisch gegen\u00fcber steht. Alle Gr\u00fcnde und Infos finden sich auf deren Internetseite <a rel=\"noreferrer noopener\" href=\"https:\/\/www.grossenritte-nord.de\/\" target=\"_blank\">https:\/\/www.grossenritte-nord.de\/ <\/a><\/p>\n\n\n\n<figure class=\"wp-block-image size-large\"><a class=\"fancybox\" rel=\"gallery3532\" href=\"http:\/\/gruene-lk-ks.de\/baunatal\/files\/2023\/07\/BI-Grossenritte-Flyer-1.jpg\"><img loading=\"lazy\" width=\"800\" height=\"551\" src=\"http:\/\/gruene-lk-ks.de\/baunatal\/files\/2023\/07\/BI-Grossenritte-Flyer-1-800x551.jpg\" alt=\"\" class=\"wp-image-3534\" srcset=\"http:\/\/gruene-lk-ks.de\/baunatal\/files\/2023\/07\/BI-Grossenritte-Flyer-1-800x551.jpg 800w, http:\/\/gruene-lk-ks.de\/baunatal\/files\/2023\/07\/BI-Grossenritte-Flyer-1-400x275.jpg 400w, http:\/\/gruene-lk-ks.de\/baunatal\/files\/2023\/07\/BI-Grossenritte-Flyer-1-768x528.jpg 768w, http:\/\/gruene-lk-ks.de\/baunatal\/files\/2023\/07\/BI-Grossenritte-Flyer-1-150x103.jpg 150w, http:\/\/gruene-lk-ks.de\/baunatal\/files\/2023\/07\/BI-Grossenritte-Flyer-1.jpg 1087w\" sizes=\"(max-width: 800px) 100vw, 800px\" \/><\/a><\/figure>\n\n\n\n<figure class=\"wp-block-image size-large\"><a class=\"fancybox\" rel=\"gallery3532\" href=\"http:\/\/gruene-lk-ks.de\/baunatal\/files\/2023\/07\/BI-Grossenritte-Flyer-2.jpg\"><img loading=\"lazy\" width=\"800\" height=\"550\" src=\"http:\/\/gruene-lk-ks.de\/baunatal\/files\/2023\/07\/BI-Grossenritte-Flyer-2-800x550.jpg\" alt=\"\" class=\"wp-image-3535\" srcset=\"http:\/\/gruene-lk-ks.de\/baunatal\/files\/2023\/07\/BI-Grossenritte-Flyer-2-800x550.jpg 800w, http:\/\/gruene-lk-ks.de\/baunatal\/files\/2023\/07\/BI-Grossenritte-Flyer-2-400x275.jpg 400w, http:\/\/gruene-lk-ks.de\/baunatal\/files\/2023\/07\/BI-Grossenritte-Flyer-2-768x528.jpg 768w, http:\/\/gruene-lk-ks.de\/baunatal\/files\/2023\/07\/BI-Grossenritte-Flyer-2-150x103.jpg 150w, http:\/\/gruene-lk-ks.de\/baunatal\/files\/2023\/07\/BI-Grossenritte-Flyer-2.jpg 1090w\" sizes=\"(max-width: 800px) 100vw, 800px\" \/><\/a><figcaption>Flyer der BI Gro\u00dfenritte-Nord mit Einladung zu deren Stand auf dem Infomarkt<\/figcaption><\/figure>\n","protected":false},"excerpt":{"rendered":"<p>Am 22.07. findet ein Infomarkt in der Stadthalle, organisiert vom Rathaus, statt. Beiteiligte Akteure k\u00f6nnen Ihre Sicht der Dinge interessierten B\u00fcrger:innen vorstellen und gemeinsam diskutieren. Wir als Gr\u00fcne in Baunatal&#8230; <\/p>\n","protected":false},"author":20,"featured_media":3320,"comment_status":"closed","ping_status":"open","sticky":false,"template":"","format":"standard","meta":{"ngg_post_thumbnail":0},"categories":[1],"tags":[],"_links":{"self":[{"href":"http:\/\/gruene-lk-ks.de\/baunatal\/wp-json\/wp\/v2\/posts\/3532"}],"collection":[{"href":"http:\/\/gruene-lk-ks.de\/baunatal\/wp-json\/wp\/v2\/posts"}],"about":[{"href":"http:\/\/gruene-lk-ks.de\/baunatal\/wp-json\/wp\/v2\/types\/post"}],"author":[{"embeddable":true,"href":"http:\/\/gruene-lk-ks.de\/baunatal\/wp-json\/wp\/v2\/users\/20"}],"replies":[{"embeddable":true,"href":"http:\/\/gruene-lk-ks.de\/baunatal\/wp-json\/wp\/v2\/comments?post=3532"}],"version-history":[{"count":3,"href":"http:\/\/gruene-lk-ks.de\/baunatal\/wp-json\/wp\/v2\/posts\/3532\/revisions"}],"predecessor-version":[{"id":3538,"href":"http:\/\/gruene-lk-ks.de\/baunatal\/wp-json\/wp\/v2\/posts\/3532\/revisions\/3538"}],"wp:featuredmedia":[{"embeddable":true,"href":"http:\/\/gruene-lk-ks.de\/baunatal\/wp-json\/wp\/v2\/media\/3320"}],"wp:attachment":[{"href":"http:\/\/gruene-lk-ks.de\/baunatal\/wp-json\/wp\/v2\/media?parent=3532"}],"wp:term":[{"taxonomy":"category","embeddable":true,"href":"http:\/\/gruene-lk-ks.de\/baunatal\/wp-json\/wp\/v2\/categories?post=3532"},{"taxonomy":"post_tag","embeddable":true,"href":"http:\/\/gruene-lk-ks.de\/baunatal\/wp-json\/wp\/v2\/tags?post=3532"}],"curies":[{"name":"wp","href":"https:\/\/api.w.org\/{rel}","templated":true}]}}