{"id":3587,"date":"2023-08-16T12:20:39","date_gmt":"2023-08-16T10:20:39","guid":{"rendered":"http:\/\/gruene-lk-ks.de\/baunatal\/?p=3587"},"modified":"2023-08-16T12:31:42","modified_gmt":"2023-08-16T10:31:42","slug":"besuch-in-der-leitstelle-aelterwerden","status":"publish","type":"post","link":"http:\/\/gruene-lk-ks.de\/baunatal\/besuch-in-der-leitstelle-aelterwerden\/","title":{"rendered":"Besuch in der Leitstelle \u00c4lterwerden"},"content":{"rendered":"\n<p>Hoch interessiert besuchten wir vor kurzem mit f\u00fcnf Mitgliedern der AG Soziales des OV der GR\u00dcNEN in Baunatal die Leitstelle \u00c4lterwerden und darin eingeschlossen die Beratungsstelle Pflege und die Engagementf\u00f6rderstelle im \u201eZentrum Rembrandtstra\u00dfe\u201c. Die gut ausgestatteten R\u00e4umlichkeiten werden vielf\u00e4ltig genutzt und bieten neben offenen Angeboten, wie z.B. das Frauen- und das Trauercaf\u00e9 auch diversen Ehrenamtsgruppen die M\u00f6glichkeit, sich regelm\u00e4\u00dfig zu treffen, wie Hans-Joachim Botthof, der Leiter des \u201eZentrum Rembrandtstra\u00dfe\u201c, bei eine Kurzf\u00fchrung erl\u00e4uterte. Die Aufgabengebiete in der Leitstelle, die von ihm mit Unterst\u00fctzung einer halben Kraft f\u00fcr Verwaltungsaufgaben abgedeckt werden, sind sehr vielf\u00e4ltig und umfangreich. Neben der Koordination, Planung, Durchf\u00fchrung, Betreuung von diversen Seniorenarbeitsgruppen, -kreise, Fachkreisen Pflege, Erstellung des Seniorenplanes, Begutachtungen zu Barrierefreiheit, Anh\u00f6rung\/Mitsprache bei Wohnraum-, Stadtplanung, Sicherheitsfragen wird ebenso auch eine pers\u00f6nliche Beratung zur Pflegeversicherung f\u00fcr Betroffene und Angeh\u00f6rige angeboten. \u00dcber die Engagementf\u00f6rderstelle erfolgt die Koordination und Begleitung, sowie auch die Ausbildung von Engagierten und Ehrenamtlichen. So findet auch eine Vermittlung und Begleitung der Ehrenamtlichen in spezielle Programme, die von der Stadt Baunatal und Land Hessen gef\u00f6rdert werden, zu Engagementlotsen oder Wohnraum- und Sicherheitsberater*innen oder auch als Kursleitung f\u00fcr Ged\u00e4chtnistraining ausgebildet werden, statt. Als neues aktuelles Projekt ist in Zusammenarbeit mit Gabi Lutzi eine Nachbarschaftshilfe initiiert worden.<\/p>\n\n\n\n<p>Die Aufgaben von Herrn Botthof, welcher demn\u00e4chst in den wohlverdienten Ruhestand geht, werden weiterhin von zentraler Bedeutung im Dialog, der Unterst\u00fctzung und F\u00f6rderung der Baunataler B\u00fcrger*innen sein. Zur Zeit ist allerdings noch offen, mit welchem Stellenumfang und mit welcher Besetzung diese wichtige Arbeit fortgef\u00fchrt wird. Bis 2018 gab es in diesem Bereich insgesamt drei Stellen mit einem Umfang von 100 Std.. Danach sind sukzessive Stunden im Verwaltungsbereich gek\u00fcrzt und auch die separate Stelle f\u00fcr Engagementf\u00f6rderung und Freiwilligendienste wurde bisher nicht wieder besetzt. Angesichts der Bev\u00f6lkerungsstruktur in Baunatal &#8211; viele B\u00fcrger*innen in Baunatal sind auf dem Weg in den Ruhestand und m\u00f6chten sich fortan ehrenamtlich engagieren oder ben\u00f6tigen selbst Hilfe und Unterst\u00fctzung im Alter &#8211; ist nach Auffassung der Arbeitsgemeinschaft eine gut ausgestattete Leitstelle \u00c4lterwerden und Engagementf\u00f6rderstelle unabdinglich f\u00fcr eine weltoffene und soziale Stadt Baunatal.<\/p>\n","protected":false},"excerpt":{"rendered":"<p>Hoch interessiert besuchten wir vor kurzem mit f\u00fcnf Mitgliedern der AG Soziales des OV der GR\u00dcNEN in Baunatal die Leitstelle \u00c4lterwerden und darin eingeschlossen die Beratungsstelle Pflege und die Engagementf\u00f6rderstelle&#8230; <\/p>\n","protected":false},"author":23,"featured_media":3588,"comment_status":"closed","ping_status":"open","sticky":false,"template":"","format":"standard","meta":{"ngg_post_thumbnail":0},"categories":[1,7113],"tags":[],"_links":{"self":[{"href":"http:\/\/gruene-lk-ks.de\/baunatal\/wp-json\/wp\/v2\/posts\/3587"}],"collection":[{"href":"http:\/\/gruene-lk-ks.de\/baunatal\/wp-json\/wp\/v2\/posts"}],"about":[{"href":"http:\/\/gruene-lk-ks.de\/baunatal\/wp-json\/wp\/v2\/types\/post"}],"author":[{"embeddable":true,"href":"http:\/\/gruene-lk-ks.de\/baunatal\/wp-json\/wp\/v2\/users\/23"}],"replies":[{"embeddable":true,"href":"http:\/\/gruene-lk-ks.de\/baunatal\/wp-json\/wp\/v2\/comments?post=3587"}],"version-history":[{"count":1,"href":"http:\/\/gruene-lk-ks.de\/baunatal\/wp-json\/wp\/v2\/posts\/3587\/revisions"}],"predecessor-version":[{"id":3589,"href":"http:\/\/gruene-lk-ks.de\/baunatal\/wp-json\/wp\/v2\/posts\/3587\/revisions\/3589"}],"wp:featuredmedia":[{"embeddable":true,"href":"http:\/\/gruene-lk-ks.de\/baunatal\/wp-json\/wp\/v2\/media\/3588"}],"wp:attachment":[{"href":"http:\/\/gruene-lk-ks.de\/baunatal\/wp-json\/wp\/v2\/media?parent=3587"}],"wp:term":[{"taxonomy":"category","embeddable":true,"href":"http:\/\/gruene-lk-ks.de\/baunatal\/wp-json\/wp\/v2\/categories?post=3587"},{"taxonomy":"post_tag","embeddable":true,"href":"http:\/\/gruene-lk-ks.de\/baunatal\/wp-json\/wp\/v2\/tags?post=3587"}],"curies":[{"name":"wp","href":"https:\/\/api.w.org\/{rel}","templated":true}]}}