{"id":3590,"date":"2023-08-16T12:30:51","date_gmt":"2023-08-16T10:30:51","guid":{"rendered":"http:\/\/gruene-lk-ks.de\/baunatal\/?p=3590"},"modified":"2023-09-08T11:04:48","modified_gmt":"2023-09-08T09:04:48","slug":"rueckblick-8-stammtisch-der-gruenen-in-baunatal","status":"publish","type":"post","link":"http:\/\/gruene-lk-ks.de\/baunatal\/rueckblick-8-stammtisch-der-gruenen-in-baunatal\/","title":{"rendered":"R\u00fcckblick 8. Stammtisch der GR\u00dcNEN der Stadt Baunatal"},"content":{"rendered":"\n<p>Endlich wieder Stammtisch &#8211; wir trafen uns am 08.08.23 in Altenbauna und tauschten uns \u00fcber tagesaktuelle, stadtpolitische Themen aus. Sehr erfreut waren wir \u00fcber den Besuch einiger Mitglieder der BI Gro\u00dfenritte Nord. Das gro\u00dfe Thema \u201eSiedlungsentwicklung\u201c wird in einer eigenen Arbeitsgemeinschaft in Kooperation mit der BI weiter bearbeitet werden und es werden zusammen Fragen und Antworten &#8211; auch von der Stadt &#8211; gesucht werden. Ebenso wurde von News und Veranstaltungen aus unseren AGs Soziales, Energie, \u00d6PNV usw. berichtet. Die AG Energie informierte \u00fcber die Installation von Balkonkraftwerken. Die AG Soziales besucht die \u201eLeitstelle \u00c4lterwerden und die Engagementf\u00f6rderstelle\u201c und das \u201eStadtteilzentrum am Baunsberg\u201c der Stadt Baunatal \u2026 Nicht zu vergessen, der Wahlkampf zur Landtagswahl wirft mit spannenden Aktionen und Veranstaltungen im Vorfeld seinen Schatten voraus. So wird z.B. auch unser Spitzenkandidat Tarek Al-Wazir am 29.08.23 in die Stadthalle Baunatal kommen. Gibt es Fragen aus Baunatal, m\u00f6glichst nat\u00fcrlich zu landespolitischen Themen, die wir vom OV der GR\u00dcNEN im Vorfeld an ihn weiterleiten sollen?<\/p>\n\n\n\n<figure class=\"wp-block-image size-large\"><a class=\"fancybox\" rel=\"gallery3590\" href=\"http:\/\/gruene-lk-ks.de\/baunatal\/files\/2023\/08\/image.png\"><img loading=\"lazy\" width=\"642\" height=\"289\" src=\"http:\/\/gruene-lk-ks.de\/baunatal\/files\/2023\/08\/image.png\" alt=\"\" class=\"wp-image-3591\" srcset=\"http:\/\/gruene-lk-ks.de\/baunatal\/files\/2023\/08\/image.png 642w, http:\/\/gruene-lk-ks.de\/baunatal\/files\/2023\/08\/image-400x180.png 400w, http:\/\/gruene-lk-ks.de\/baunatal\/files\/2023\/08\/image-150x68.png 150w\" sizes=\"(max-width: 642px) 100vw, 642px\" \/><\/a><\/figure>\n\n\n\n<p><em>Gut besuchter Stammtisch im Roxy: Ede, Bernd, Heidi, Klaus, Heike, Edith, Gerhild, Lothar \u2026nicht im Bild: Bernd, Monika und Irle <\/em><\/p>\n\n\n\n<p>Offen f\u00fcr Vielfalt, Anregungen, W\u00fcnsche: mail an: gruene.baunatal@gmail.com Besucht unsere Internetseite: https:\/\/<a href=\"http:\/\/gruene-lk-ks.de\/baunatal\">gruene-lk-ks.de\/baunatal<\/a><\/p>\n","protected":false},"excerpt":{"rendered":"<p>Endlich wieder Stammtisch &#8211; wir trafen uns am 08.08.23 in Altenbauna und tauschten uns \u00fcber tagesaktuelle, stadtpolitische Themen aus. Sehr erfreut waren wir \u00fcber den Besuch einiger Mitglieder der BI&#8230; <\/p>\n","protected":false},"author":23,"featured_media":3601,"comment_status":"closed","ping_status":"open","sticky":false,"template":"","format":"standard","meta":{"ngg_post_thumbnail":0},"categories":[1,7113,7100],"tags":[],"_links":{"self":[{"href":"http:\/\/gruene-lk-ks.de\/baunatal\/wp-json\/wp\/v2\/posts\/3590"}],"collection":[{"href":"http:\/\/gruene-lk-ks.de\/baunatal\/wp-json\/wp\/v2\/posts"}],"about":[{"href":"http:\/\/gruene-lk-ks.de\/baunatal\/wp-json\/wp\/v2\/types\/post"}],"author":[{"embeddable":true,"href":"http:\/\/gruene-lk-ks.de\/baunatal\/wp-json\/wp\/v2\/users\/23"}],"replies":[{"embeddable":true,"href":"http:\/\/gruene-lk-ks.de\/baunatal\/wp-json\/wp\/v2\/comments?post=3590"}],"version-history":[{"count":2,"href":"http:\/\/gruene-lk-ks.de\/baunatal\/wp-json\/wp\/v2\/posts\/3590\/revisions"}],"predecessor-version":[{"id":3593,"href":"http:\/\/gruene-lk-ks.de\/baunatal\/wp-json\/wp\/v2\/posts\/3590\/revisions\/3593"}],"wp:featuredmedia":[{"embeddable":true,"href":"http:\/\/gruene-lk-ks.de\/baunatal\/wp-json\/wp\/v2\/media\/3601"}],"wp:attachment":[{"href":"http:\/\/gruene-lk-ks.de\/baunatal\/wp-json\/wp\/v2\/media?parent=3590"}],"wp:term":[{"taxonomy":"category","embeddable":true,"href":"http:\/\/gruene-lk-ks.de\/baunatal\/wp-json\/wp\/v2\/categories?post=3590"},{"taxonomy":"post_tag","embeddable":true,"href":"http:\/\/gruene-lk-ks.de\/baunatal\/wp-json\/wp\/v2\/tags?post=3590"}],"curies":[{"name":"wp","href":"https:\/\/api.w.org\/{rel}","templated":true}]}}