{"id":3628,"date":"2023-09-08T12:40:40","date_gmt":"2023-09-08T10:40:40","guid":{"rendered":"http:\/\/gruene-lk-ks.de\/baunatal\/?p=3628"},"modified":"2023-09-08T12:42:15","modified_gmt":"2023-09-08T10:42:15","slug":"besuch-von-tarek-al-wazir-in-baunatal-zur-eroeffnung-des-landtagswahlkampfs","status":"publish","type":"post","link":"http:\/\/gruene-lk-ks.de\/baunatal\/besuch-von-tarek-al-wazir-in-baunatal-zur-eroeffnung-des-landtagswahlkampfs\/","title":{"rendered":"Besuch von Tarek Al-Wazir in Baunatal zur Er\u00f6ffnung des Landtagswahlkampfs"},"content":{"rendered":"\n<p>Ende August er\u00f6ffneten die GR\u00dcNEN im Landkreis Kassel die hei\u00dfe Phase des&nbsp; Landtagswahlkampfs mit einem Besuch des GR\u00dcNEN Spitzenkandidaten und Hessischen Wirtschaftsministers Tarel Al-Wazir in der Stadthalle Baunatal. Im Vorprogramm lief ein \u201eMeet and Greet\u201c mit 4 DirektkandidatInnen aus den Landkreisen Kassel und Schwalm-Eder, unter Ihnen auch der Baunataler Dr. Thomas Gudehus, (Wahlkreis Kassel-Land II). Politisch aktiv ist Thomas aktuell als Fraktionsvorsitzender der GR\u00dcNEN im Kreistag Kassel-Land. Der seit Jahren laufende Ausbau der A 45, der beide Landkreise tangiert, wurde vom Moderator der Veranstaltung, Marcel Breitenstein, als Bindeglied in seinen Fragen an die KandidatInnen gelungen eingebunden.<\/p>\n\n\n\n<div class=\"wp-block-columns\">\n<div class=\"wp-block-column\">\n<figure class=\"wp-block-image size-medium is-resized\"><a class=\"fancybox\" rel=\"gallery3628\" href=\"http:\/\/gruene-lk-ks.de\/baunatal\/files\/2023\/09\/Tarek-1.jpeg\"><img loading=\"lazy\" src=\"http:\/\/gruene-lk-ks.de\/baunatal\/files\/2023\/09\/Tarek-1-270x600.jpeg\" alt=\"Tarek Al-Wazir\" class=\"wp-image-3632\" width=\"203\" height=\"450\" srcset=\"http:\/\/gruene-lk-ks.de\/baunatal\/files\/2023\/09\/Tarek-1-270x600.jpeg 270w, http:\/\/gruene-lk-ks.de\/baunatal\/files\/2023\/09\/Tarek-1-540x1200.jpeg 540w, http:\/\/gruene-lk-ks.de\/baunatal\/files\/2023\/09\/Tarek-1-691x1536.jpeg 691w, http:\/\/gruene-lk-ks.de\/baunatal\/files\/2023\/09\/Tarek-1-68x150.jpeg 68w, http:\/\/gruene-lk-ks.de\/baunatal\/files\/2023\/09\/Tarek-1.jpeg 720w\" sizes=\"(max-width: 203px) 100vw, 203px\" \/><\/a><figcaption>Tarek Al-Wazir<\/figcaption><\/figure>\n<\/div>\n\n\n\n<div class=\"wp-block-column\">\n<p>In seiner Rede ging anschlie\u00dfend der Hauptredner des Abends, Tarek Al-Wazir, auf sein 11 Punkte Programm ein. Er skizzierte dabei eindr\u00fccklich und nachvollziehbar seine Ziele, die er vorrangig als Ministerpr\u00e4sident ma\u00dfgeblich gestalten will. Eine familienfreundliche Wirtschaftspolitik, mit einer besseren Vereinbarkeit von Beruf und Familie, ausreichende Kita-Pl\u00e4tze mit einer attraktiven ErzieherInnen-Ausbildung, st\u00e4rkere Fachkr\u00e4fteausbildung in Handwerk und Industrie als \u201eChefsache\u201c in der Staatskanzlei, aber auch die Mobilit\u00e4tsproblematik im l\u00e4ndlichen Raum mit einer qualitativen \u00d6PNV-Anbindung wurden angesprochen. Bei seiner Rede erhielt der Minister von den mehr als 120 BesucherInnen immer wieder Zwischenapplaus, besonders bei einigen klassischen GR\u00dcNEN Themen wie dem Ausbau des Radwegeprogramms oder einigen bereits umgesetzten und neu geplanten Umweltschutzma\u00dfnahmen sowie schnellerer Ausbau alternativer Energiequellen (Sonne\/Wind).<\/p>\n<\/div>\n<\/div>\n\n\n\n<p>In einer ausgedehnten Fragerunde ging er auf eine F\u00fclle von Fragestellungen aus dem Publikum ein. Das Spektrum reichte von der Sicherung deutscher Arbeitspl\u00e4tze und&nbsp; zukunftstr\u00e4chtiger Technologie (Beispiel W\u00e4rmepumpen der Firma Viessmann) beim Verkauf an ausl\u00e4ndische Konzerne bis hin zu dem vielf\u00e4ltig nutzbaren F\u00f6rderprogramm \u201cL\u00f6wenstark\u201c in hessischen Schulen. Eine kritische Frage befasste sich mit der Siedlungspolitik bzw. dem damit verbundenen Verlust wertvoller landwirtschaftlicher Fragen, bezugnehmend auf ein aktuelles Baunataler Problem mit dem geplanten Neubaugebiet \u201cGro\u00dfenritte-Nord\u201c. Die L\u00f6sung sieht Minister Al-Wazir differenziert: neu geschaffener Wohnraum muss bezahlbar sein, energieeffizient zum Schutz der MieterInnen und m\u00f6glichst geringe Eingriffe in Natur, Umwelt und Landwirtschaft. Bei der Frage zu den Waffenlieferungen an die Ukraine durch Deutschland verwies der Minister auf das Selbstverteidigungsrecht der Ukraine gegen\u00fcber dem russischen Aggressor aber auch den Schutz demokratischer Werte zum Erhalt bzw. dem m\u00f6glichst schnellen Erreichen eines Friedens in Europa.<\/p>\n\n\n\n<figure class=\"wp-block-image size-large\"><a class=\"fancybox\" rel=\"gallery3628\" href=\"http:\/\/gruene-lk-ks.de\/baunatal\/files\/2023\/09\/Besuch-Tarek-Publikum-scaled.jpg\"><img loading=\"lazy\" width=\"800\" height=\"533\" src=\"http:\/\/gruene-lk-ks.de\/baunatal\/files\/2023\/09\/Besuch-Tarek-Publikum-800x533.jpg\" alt=\"Fragen aus dem Publikum\" class=\"wp-image-3630\" srcset=\"http:\/\/gruene-lk-ks.de\/baunatal\/files\/2023\/09\/Besuch-Tarek-Publikum-800x533.jpg 800w, http:\/\/gruene-lk-ks.de\/baunatal\/files\/2023\/09\/Besuch-Tarek-Publikum-400x267.jpg 400w, http:\/\/gruene-lk-ks.de\/baunatal\/files\/2023\/09\/Besuch-Tarek-Publikum-768x512.jpg 768w, http:\/\/gruene-lk-ks.de\/baunatal\/files\/2023\/09\/Besuch-Tarek-Publikum-1536x1024.jpg 1536w, http:\/\/gruene-lk-ks.de\/baunatal\/files\/2023\/09\/Besuch-Tarek-Publikum-2048x1365.jpg 2048w, http:\/\/gruene-lk-ks.de\/baunatal\/files\/2023\/09\/Besuch-Tarek-Publikum-150x100.jpg 150w\" sizes=\"(max-width: 800px) 100vw, 800px\" \/><\/a><figcaption>Fragen aus dem Publikum<\/figcaption><\/figure>\n\n\n\n<p>Die Veranstaltung klang aus mit ein paar Selfies, gemeinsam mit dem Minister und einer Reihe von Einzelgespr\u00e4chen mit den Direktkandidat:innen.<\/p>\n\n\n\n<p>Inzwischen haben auch die Baunateler GR\u00dcNEN den Wahlkampf mit dem ersten Wahlstand auf dem Marktplatz begonnen. Dabei unterst\u00fctzten einige MitgliederInnen unseren lokalen Direktkandidaten Thomas Gudehus. Besuchen Sie gern unseren Stand an den kommenden Samstagen.<\/p>\n","protected":false},"excerpt":{"rendered":"<p>Ende August er\u00f6ffneten die GR\u00dcNEN im Landkreis Kassel die hei\u00dfe Phase des&nbsp; Landtagswahlkampfs mit einem Besuch des GR\u00dcNEN Spitzenkandidaten und Hessischen Wirtschaftsministers Tarel Al-Wazir in der Stadthalle Baunatal. Im Vorprogramm&#8230; <\/p>\n","protected":false},"author":20,"featured_media":3631,"comment_status":"closed","ping_status":"open","sticky":false,"template":"","format":"standard","meta":{"ngg_post_thumbnail":0},"categories":[1],"tags":[],"_links":{"self":[{"href":"http:\/\/gruene-lk-ks.de\/baunatal\/wp-json\/wp\/v2\/posts\/3628"}],"collection":[{"href":"http:\/\/gruene-lk-ks.de\/baunatal\/wp-json\/wp\/v2\/posts"}],"about":[{"href":"http:\/\/gruene-lk-ks.de\/baunatal\/wp-json\/wp\/v2\/types\/post"}],"author":[{"embeddable":true,"href":"http:\/\/gruene-lk-ks.de\/baunatal\/wp-json\/wp\/v2\/users\/20"}],"replies":[{"embeddable":true,"href":"http:\/\/gruene-lk-ks.de\/baunatal\/wp-json\/wp\/v2\/comments?post=3628"}],"version-history":[{"count":3,"href":"http:\/\/gruene-lk-ks.de\/baunatal\/wp-json\/wp\/v2\/posts\/3628\/revisions"}],"predecessor-version":[{"id":3635,"href":"http:\/\/gruene-lk-ks.de\/baunatal\/wp-json\/wp\/v2\/posts\/3628\/revisions\/3635"}],"wp:featuredmedia":[{"embeddable":true,"href":"http:\/\/gruene-lk-ks.de\/baunatal\/wp-json\/wp\/v2\/media\/3631"}],"wp:attachment":[{"href":"http:\/\/gruene-lk-ks.de\/baunatal\/wp-json\/wp\/v2\/media?parent=3628"}],"wp:term":[{"taxonomy":"category","embeddable":true,"href":"http:\/\/gruene-lk-ks.de\/baunatal\/wp-json\/wp\/v2\/categories?post=3628"},{"taxonomy":"post_tag","embeddable":true,"href":"http:\/\/gruene-lk-ks.de\/baunatal\/wp-json\/wp\/v2\/tags?post=3628"}],"curies":[{"name":"wp","href":"https:\/\/api.w.org\/{rel}","templated":true}]}}