{"id":3639,"date":"2023-09-17T11:43:20","date_gmt":"2023-09-17T09:43:20","guid":{"rendered":"http:\/\/gruene-lk-ks.de\/baunatal\/?p=3639"},"modified":"2023-09-17T11:43:22","modified_gmt":"2023-09-17T09:43:22","slug":"buergerinnen-und-buerger-im-gespraech-mit-direktkandidat-dr-thomas-gudehus","status":"publish","type":"post","link":"http:\/\/gruene-lk-ks.de\/baunatal\/buergerinnen-und-buerger-im-gespraech-mit-direktkandidat-dr-thomas-gudehus\/","title":{"rendered":"B\u00fcrgerinnen und B\u00fcrger im Gespr\u00e4ch mit Direktkandidat Dr. Thomas Gudehus"},"content":{"rendered":"\n<p>Sehr gut angenommen wurde der Wahlkampfstand des Ortsverbandes der GR\u00dcNEN in Baunatal am Samstag auf dem Marktplatz. Viele B\u00fcrgerinnen und B\u00fcrger nutzten die Gelegenheit mit dem Direktkandidaten der GR\u00dcNEN im Wahlkreis Kassel-Land II, dem Baunataler Dr. Thomas Gudehus, ins Gespr\u00e4ch zu kommen. Der Baunataler versprach die angesprochenen Themen direkt mit in den Kreistag, in welchem er Fraktionsvorsitzender der GR\u00dcNEN ist, und in die Landespolitik mitzunehmen, so steht z.B. das Thema der Wiederbelebung der alten KNE-Verbindung als Erweiterung des \u00d6PNV-Angebotes auf der Agenda. Eine GR\u00dcNE l\u00f6sungsorientierte Politik muss sich nicht hinter f\u00fcnf Schirmen verstecken.<\/p>\n\n\n\n<p>Selbstverst\u00e4ndlich werden wir auch am n\u00e4chsten Samstag, den 23.09.23 mit einem Stand in der Baunataler Innenstadt pr\u00e4sent sein und freuen uns auf interessante Gespr\u00e4che \u00fcber Ihre wichtigen Themen, Anregungen und W\u00fcnsche bez\u00fcglich GR\u00dcNER (Landes-) Politik.<\/p>\n\n\n\n<figure class=\"wp-block-image size-large\"><a class=\"fancybox\" rel=\"gallery3639\" href=\"http:\/\/gruene-lk-ks.de\/baunatal\/files\/2023\/09\/20230916_114612-scaled.jpeg\"><img loading=\"lazy\" width=\"800\" height=\"557\" src=\"http:\/\/gruene-lk-ks.de\/baunatal\/files\/2023\/09\/20230916_114612-800x557.jpeg\" alt=\"\" class=\"wp-image-3640\" srcset=\"http:\/\/gruene-lk-ks.de\/baunatal\/files\/2023\/09\/20230916_114612-800x557.jpeg 800w, http:\/\/gruene-lk-ks.de\/baunatal\/files\/2023\/09\/20230916_114612-400x279.jpeg 400w, http:\/\/gruene-lk-ks.de\/baunatal\/files\/2023\/09\/20230916_114612-768x535.jpeg 768w, http:\/\/gruene-lk-ks.de\/baunatal\/files\/2023\/09\/20230916_114612-1536x1070.jpeg 1536w, http:\/\/gruene-lk-ks.de\/baunatal\/files\/2023\/09\/20230916_114612-2048x1426.jpeg 2048w, http:\/\/gruene-lk-ks.de\/baunatal\/files\/2023\/09\/20230916_114612-150x104.jpeg 150w\" sizes=\"(max-width: 800px) 100vw, 800px\" \/><\/a><figcaption>Direktkandidat Dr. Thomas Gudehus im Gespr\u00e4ch mit Baunataler B\u00fcrger*innen<\/figcaption><\/figure>\n\n\n\n<p>Kontakt: gruene.baunatal@gmail.com<\/p>\n","protected":false},"excerpt":{"rendered":"<p>Sehr gut angenommen wurde der Wahlkampfstand des Ortsverbandes der GR\u00dcNEN in Baunatal am Samstag auf dem Marktplatz. Viele B\u00fcrgerinnen und B\u00fcrger nutzten die Gelegenheit mit dem Direktkandidaten der GR\u00dcNEN im&#8230; <\/p>\n","protected":false},"author":23,"featured_media":3640,"comment_status":"closed","ping_status":"open","sticky":false,"template":"","format":"standard","meta":{"ngg_post_thumbnail":0},"categories":[1,7129,7113],"tags":[],"_links":{"self":[{"href":"http:\/\/gruene-lk-ks.de\/baunatal\/wp-json\/wp\/v2\/posts\/3639"}],"collection":[{"href":"http:\/\/gruene-lk-ks.de\/baunatal\/wp-json\/wp\/v2\/posts"}],"about":[{"href":"http:\/\/gruene-lk-ks.de\/baunatal\/wp-json\/wp\/v2\/types\/post"}],"author":[{"embeddable":true,"href":"http:\/\/gruene-lk-ks.de\/baunatal\/wp-json\/wp\/v2\/users\/23"}],"replies":[{"embeddable":true,"href":"http:\/\/gruene-lk-ks.de\/baunatal\/wp-json\/wp\/v2\/comments?post=3639"}],"version-history":[{"count":1,"href":"http:\/\/gruene-lk-ks.de\/baunatal\/wp-json\/wp\/v2\/posts\/3639\/revisions"}],"predecessor-version":[{"id":3641,"href":"http:\/\/gruene-lk-ks.de\/baunatal\/wp-json\/wp\/v2\/posts\/3639\/revisions\/3641"}],"wp:featuredmedia":[{"embeddable":true,"href":"http:\/\/gruene-lk-ks.de\/baunatal\/wp-json\/wp\/v2\/media\/3640"}],"wp:attachment":[{"href":"http:\/\/gruene-lk-ks.de\/baunatal\/wp-json\/wp\/v2\/media?parent=3639"}],"wp:term":[{"taxonomy":"category","embeddable":true,"href":"http:\/\/gruene-lk-ks.de\/baunatal\/wp-json\/wp\/v2\/categories?post=3639"},{"taxonomy":"post_tag","embeddable":true,"href":"http:\/\/gruene-lk-ks.de\/baunatal\/wp-json\/wp\/v2\/tags?post=3639"}],"curies":[{"name":"wp","href":"https:\/\/api.w.org\/{rel}","templated":true}]}}