{"id":3653,"date":"2023-10-05T12:15:39","date_gmt":"2023-10-05T10:15:39","guid":{"rendered":"http:\/\/gruene-lk-ks.de\/baunatal\/?p=3653"},"modified":"2023-10-05T12:15:41","modified_gmt":"2023-10-05T10:15:41","slug":"rueckblick-vom-9-stammtisch-der-gruenen-im-ov-baunatal","status":"publish","type":"post","link":"http:\/\/gruene-lk-ks.de\/baunatal\/rueckblick-vom-9-stammtisch-der-gruenen-im-ov-baunatal\/","title":{"rendered":"R\u00fcckblick vom 9. Stammtisch der GR\u00dcNEN im OV Baunatal"},"content":{"rendered":"\n<p>Der 9. Stammtisch im Hessischen Hof erfreute sich erneut regen Zuspruchs. Auch dieses Mal waren wieder an GR\u00dcNEN Themen in Baunatal interessierte B\u00fcrger*innen zum Kennenlernen und Diskutieren dabei. So stand z.B. das Interesse an dem Ausbau, der F\u00f6rderung und der praktischen Unterst\u00fctzung beim Bau von Photovoltaikanlagen und sog. Balkonkraftwerken im Mittelpunkt der Diskussionen. Zu diesem Thema wird unsere AG Energie zu einer eigenen<\/p>\n\n\n\n<p>Informationsveranstaltung am 19.10.23 um 19.00 Uhr im Vereinshaus Altenritte einladen.<\/p>\n\n\n\n<p>Aus den anderen AGs wurde von diversen Fragestellungen und Aktionen berichtet. Insbesondere standen hierbei im Zentrum des Gespr\u00e4chs mit den interessierten und teils fachkundigen B\u00fcrgern auch das Thema \u00d6PNV mit den Ideen zum Ausbau der alten Schienen-Direktverbindung nach Kassel und de \u00d6PNV \u201eon demand\u201c oder auch die Besuche der AG Soziales in der Leitstelle \u00c4lterwerden und dem Stadtteilzentrum am Baunsberg. Eine AG Kommunaler Haushalt und Finanzen k\u00f6nnte sich \u2013 wenn daran Interesse besteht &#8211; mit den finanziellen Auswirkungen des in Vorplanung befindlichen Neubaugebietes besch\u00e4ftigen: Welche R\u00fccklagen sind noch vorhanden bzw. sind wann aufgebraucht? Auch die AG Siedlungsentwicklung\/Neubaugebiet Gro\u00dfenritte wird weiterhin am Thema dranbleiben und eigene Aspekte wie z.B. Auswirkungen auf das (Grund-) Wasser, Klima, K\u00e4lte- und Windschneisen, sowie auch die M\u00f6glichkeiten eines B\u00fcrgerbegehrens und B\u00fcrgerentscheides ausloten.<\/p>\n\n\n\n<p>Vielleicht ist auch ein interessantes Thema f\u00fcr Sie\/Dich dabei bzw. gibt es Fragestellungen und W\u00fcnsche, die Sie\/Du gerne einbringen m\u00f6chten\/m\u00f6chtest? Wir freuen uns \u00fcber neue Gesichter und neue Ideen beim n\u00e4chsten Stammtisch, voraussichtlich am 23.11.2023. Der Ort wird noch bekanntgegeben.<\/p>\n\n\n\n<figure class=\"wp-block-gallery columns-1 is-cropped\"><ul class=\"blocks-gallery-grid\"><li class=\"blocks-gallery-item\"><figure><a class=\"fancybox\" rel=\"gallery3653\" href=\"http:\/\/gruene-lk-ks.de\/baunatal\/files\/2023\/10\/20230927_203458-scaled.jpg\"><img loading=\"lazy\" width=\"800\" height=\"341\" src=\"http:\/\/gruene-lk-ks.de\/baunatal\/files\/2023\/10\/20230927_203458-800x341.jpg\" alt=\"\" data-id=\"3654\" data-full-url=\"http:\/\/gruene-lk-ks.de\/baunatal\/files\/2023\/10\/20230927_203458-scaled.jpg\" data-link=\"http:\/\/gruene-lk-ks.de\/baunatal\/?attachment_id=3654\" class=\"wp-image-3654\" srcset=\"http:\/\/gruene-lk-ks.de\/baunatal\/files\/2023\/10\/20230927_203458-800x341.jpg 800w, http:\/\/gruene-lk-ks.de\/baunatal\/files\/2023\/10\/20230927_203458-400x171.jpg 400w, http:\/\/gruene-lk-ks.de\/baunatal\/files\/2023\/10\/20230927_203458-768x327.jpg 768w, http:\/\/gruene-lk-ks.de\/baunatal\/files\/2023\/10\/20230927_203458-1536x655.jpg 1536w, http:\/\/gruene-lk-ks.de\/baunatal\/files\/2023\/10\/20230927_203458-2048x873.jpg 2048w, http:\/\/gruene-lk-ks.de\/baunatal\/files\/2023\/10\/20230927_203458-150x64.jpg 150w\" sizes=\"(max-width: 800px) 100vw, 800px\" \/><\/a><\/figure><\/li><\/ul><\/figure>\n\n\n\n<p>Kontakt: gruene-baunatal@gmx.de<\/p>\n","protected":false},"excerpt":{"rendered":"<p>Der 9. Stammtisch im Hessischen Hof erfreute sich erneut regen Zuspruchs. Auch dieses Mal waren wieder an GR\u00dcNEN Themen in Baunatal interessierte B\u00fcrger*innen zum Kennenlernen und Diskutieren dabei. So stand&#8230; <\/p>\n","protected":false},"author":23,"featured_media":3654,"comment_status":"closed","ping_status":"open","sticky":false,"template":"","format":"standard","meta":{"ngg_post_thumbnail":0},"categories":[1,7113],"tags":[],"_links":{"self":[{"href":"http:\/\/gruene-lk-ks.de\/baunatal\/wp-json\/wp\/v2\/posts\/3653"}],"collection":[{"href":"http:\/\/gruene-lk-ks.de\/baunatal\/wp-json\/wp\/v2\/posts"}],"about":[{"href":"http:\/\/gruene-lk-ks.de\/baunatal\/wp-json\/wp\/v2\/types\/post"}],"author":[{"embeddable":true,"href":"http:\/\/gruene-lk-ks.de\/baunatal\/wp-json\/wp\/v2\/users\/23"}],"replies":[{"embeddable":true,"href":"http:\/\/gruene-lk-ks.de\/baunatal\/wp-json\/wp\/v2\/comments?post=3653"}],"version-history":[{"count":1,"href":"http:\/\/gruene-lk-ks.de\/baunatal\/wp-json\/wp\/v2\/posts\/3653\/revisions"}],"predecessor-version":[{"id":3655,"href":"http:\/\/gruene-lk-ks.de\/baunatal\/wp-json\/wp\/v2\/posts\/3653\/revisions\/3655"}],"wp:featuredmedia":[{"embeddable":true,"href":"http:\/\/gruene-lk-ks.de\/baunatal\/wp-json\/wp\/v2\/media\/3654"}],"wp:attachment":[{"href":"http:\/\/gruene-lk-ks.de\/baunatal\/wp-json\/wp\/v2\/media?parent=3653"}],"wp:term":[{"taxonomy":"category","embeddable":true,"href":"http:\/\/gruene-lk-ks.de\/baunatal\/wp-json\/wp\/v2\/categories?post=3653"},{"taxonomy":"post_tag","embeddable":true,"href":"http:\/\/gruene-lk-ks.de\/baunatal\/wp-json\/wp\/v2\/tags?post=3653"}],"curies":[{"name":"wp","href":"https:\/\/api.w.org\/{rel}","templated":true}]}}