{"id":367,"date":"2015-12-03T22:34:23","date_gmt":"2015-12-03T20:34:23","guid":{"rendered":"http:\/\/gruene-lk-ks.de\/baunatal\/?p=367"},"modified":"2015-12-03T22:34:23","modified_gmt":"2015-12-03T20:34:23","slug":"fragenkatalog-zum-neuen-aea-rengershausen","status":"publish","type":"post","link":"http:\/\/gruene-lk-ks.de\/baunatal\/fragenkatalog-zum-neuen-aea-rengershausen\/","title":{"rendered":"Fragenkatalog zum neuen AEA Rengershausen"},"content":{"rendered":"<p style=\"text-align: right\"><b>\u00a0 <\/b><b>30. November 2015<\/b><\/p>\n<p><b>Fragen zur Sitzung des AEA \u201cRengershausen: Hortangebot f\u00fcr Sch\u00fclerInnen in der kooperativen Schulkindbetreuung an der Br\u00fcder-Grimm-Schule\u201c\u00a0<\/b><b>am 2. Dezember 2015, in R. 118, Rathaus<\/b><\/p>\n<p><b>Bezugnehmend auf die bereits gestellten Fragen im AEA am 24.11.2015 ergeben sich folgende weitere Fragen:<\/b><\/p>\n<ol>\n<li>Ist es \u00fcblich, dass von der Verwaltung nur ein Angebot eingeholt wird, wenn Entscheidungen im Magistrat oder in der Stavo getroffen werden m\u00fcssen? &#8211; Wie ist dabei eine Vergleichbarkeit gegeben bzgl. Preis, Ausstattung und Qualit\u00e4t des Produkts?<\/li>\n<li>Warum wurde keine Firma aus dem n\u00e4heren Umkreis angefragt, die baugleiche Containermodule anbietet? &#8211; Stichwort: St\u00e4rkung der heimischen Wirtschaft!<\/li>\n<li>Ist es richtig, dass das von der Firma Sani vorliegende Angebot \u00fcber <b>15 Containermodule vom 22.4.2015 f\u00fcr drei Gruppen<\/b> in Rengershausen vorgesehen war? (vgl. dazu auch die schriftliche\u00a0 Anmerkung von Herrn Kistner (st\u00e4dt. Mitarbeiter im FB 60)\u00a0 &#8211; Was bedeutet das dann <b>f\u00fcr lediglich eine Gruppe<\/b> kalkulatorisch?<\/li>\n<li>Warum wurde die Vergleichskalkulation Kauf oder Miete von Containern durch Herrn Kistner in der Vorlage vom 26.5.2015 vom B\u00fcrgermeister nicht klarer und <b>transparenter<\/b> in den st\u00e4dtischen Gremien wie Magistrat oder Stavo gegen\u00fcber gestellt?<\/li>\n<li>Da, laut Kalkulation im Hause, der Kauf von Containern\u00a0 um ein erhebliches g\u00fcnstiger gekommen w\u00e4re als die von B\u00fcrgermeister Schaub in der entscheidenden Stavo vorgetragenen knapp 300.000,- \u20ac Mietkosten, ist die Entscheidung der Stadtverordneten ma\u00dfgeblich in eine bestimmte Richtung beeinflusst worden.<\/li>\n<li>Warum wurde der <b>Kauf von vier Containermodulen<\/b> f\u00fcr die eine Gruppe der Kooperativen Schulkindbetreuung, die seit den Sommerferien in den (laut Eltern) \u201cbeengten Kellerr\u00e4umen\u201c des Evangelischen Gemeindehauses untergebracht ist, nicht offensiver vertreten?<\/li>\n<li>Wurde seitens der Stadt tats\u00e4chlich die Containerl\u00f6sung jemals ernsthaft in Betracht gezogen oder wurde bereits relativ fr\u00fchzeitig die Gemeindehausl\u00f6sung favorisiert?<\/li>\n<\/ol>\n<p>Daraus leiten sich kausal bedingt folgende Fragen ab.<\/p>\n<ol>\n<li>Wann und durch wen wurden die ersten Kontakte mit der Evangelischen Kirche aufgenommen bzgl. Unterbringung der Kooperativen Schulkinderbetreuung? &#8211; Wer hat dazu die Initiative ergriffen, die Stadt oder Personen aus dem Umfeld der Kirche?<\/li>\n<li>In der Akte befinden sich bisher nur geringe Kosten f\u00fcr die Renovierung der Wohnung im Evangelischen Gemeindehaus. Wurden alle Arbeiten dort durch st\u00e4dtische Bedienstete (des Bauhofs?) ausgef\u00fchrt oder waren auch gewerbliche Betriebe dort t\u00e4tig?<\/li>\n<li>Was behindert momentan den Einbau der Fluchttreppe vom 1. OG?<\/li>\n<li>Wann k\u00f6nnen die Eltern der noch 13 Kinder in der Gruppe der \u201eKooperativen Schulkindbetreuung\u201c im Evangelischen Gemeindehaus damit rechnen, dass ihre Kinder die R\u00e4ume nutzen k\u00f6nnen?<\/li>\n<li>W\u00fcrde in Anbetracht der aktuellen dramatischen Fl\u00fcchtlingssituation in Deutschland, mit Tausenden von Fl\u00fcchtlingen in Hessen allein, die in der momentanen nasskalten\u00a0 Jahreszeit in Zeltunterk\u00fcnften untergebracht werden m\u00fcssen, Magistrat und B\u00fcrgermeister die gleichen Ma\u00dfnahmen favorisieren, (d.h. Nutzung der Wohnung im Ev. Gemeindehaus) wie sie im Fr\u00fchsommer 2015 eingeleitet wurden?<\/li>\n<li>Dazu folgende gedankliche Anregung bzw. Gegen\u00fcberstellung: 13 Hortkinder f\u00fcr 2,5 Stunden am Nachmittag in einer Wohnung\u00a0 zu \u201cbeschulen\u201c statt einer Fl\u00fcchtlingsfamilie mit Kindern ein festes Zuhause f\u00fcr 24 Stunden zu erm\u00f6glichen.<\/li>\n<\/ol>\n<p><b>Auf der 2.\u00a0 Sitzung vom 24.11.2015 wurden von den GR\u00dcNEN im AEA bereits folgende Fragen gestellt.<\/b><\/p>\n<p>Fragen an den Magistrat:<\/p>\n<ol>\n<li>Wie viel Container Rent Firmen wurden von der Verwaltung angeschrieben, um ein Angebot f\u00fcr System \u2013 Kombinationscontainer einzuholen? &#8211; Um welche Firmen handelt es sich dabei?<\/li>\n<li>Welche Gr\u00f6\u00dfen, Anzahl der Module, Ausstattungen waren dabei ausgeschrieben worden? &#8211; Warum diese Gr\u00f6\u00dfe und Art der Ausstattung?<\/li>\n<li>Wann wurden diese Firmen angeschrieben?<\/li>\n<li>Welche Firmen haben schriftlich Angebote eingereicht? &#8211; Mit welchem Datum?<\/li>\n<li>Wurde eine gemeinsame Ausschreibung mit dem Landkreis Kassel ins Auge gefasst, der parallel f\u00fcr andere Schulen im Landkreis Angebote eingeholt hatte?\u00a0 &#8211; Wenn ja, woran scheiterte es?\u00a0 &#8211;\u00a0 Wenn nein, warum nicht?<\/li>\n<li>Auf welche Summe beliefen sich die jeweiligen Angebote? &#8211; Was war darin enthalten?<\/li>\n<li>Wer f\u00fchrte, wann,\u00a0 Gespr\u00e4che mit dem Landkreis und der Schulleitung der Br\u00fcder- Grimm-Grundschule in Rengershausen bez\u00fcglich einer m\u00f6glichen<\/li>\n<li>Containernutzung f\u00fcr die Hortkinder auf dem Gel\u00e4nde der Schule? &#8211; Mit welchem Ergebnis?<\/li>\n<li>Wurde dabei explizit die Nutzung der Schultoiletten f\u00fcr die Hortkinder am Nachmittag ausgeschlossen?<\/li>\n<li>Welche Standorte wurden auf dem Schulgel\u00e4nde oder in unmittelbarer N\u00e4he des Hauptgeb\u00e4udes gepr\u00fcft? &#8211; Von wem und mit welchem Ergebnis?<\/li>\n<li>Gibt es Standardraumgr\u00f6\u00dfen f\u00fcr Hortgruppen von ca. 20 Kindern? &#8211; Wie sieht es r\u00e4umlich aktuell in den R\u00e4umlichkeiten im Evangelischen Gemeindehaus aus?<\/li>\n<\/ol>\n<p><b>Edmund Borschel<\/b><\/p>\n<p><b>Fraktionsvorsitzender<\/b><\/p>\n","protected":false},"excerpt":{"rendered":"<p>\u00a0 30. November 2015 Fragen zur Sitzung des AEA \u201cRengershausen: Hortangebot f\u00fcr Sch\u00fclerInnen in der kooperativen Schulkindbetreuung an der Br\u00fcder-Grimm-Schule\u201c\u00a0am 2. Dezember 2015, in R. 118, Rathaus Bezugnehmend auf die&#8230; <\/p>\n","protected":false},"author":6,"featured_media":0,"comment_status":"open","ping_status":"open","sticky":false,"template":"","format":"standard","meta":{"ngg_post_thumbnail":0},"categories":[1],"tags":[],"_links":{"self":[{"href":"http:\/\/gruene-lk-ks.de\/baunatal\/wp-json\/wp\/v2\/posts\/367"}],"collection":[{"href":"http:\/\/gruene-lk-ks.de\/baunatal\/wp-json\/wp\/v2\/posts"}],"about":[{"href":"http:\/\/gruene-lk-ks.de\/baunatal\/wp-json\/wp\/v2\/types\/post"}],"author":[{"embeddable":true,"href":"http:\/\/gruene-lk-ks.de\/baunatal\/wp-json\/wp\/v2\/users\/6"}],"replies":[{"embeddable":true,"href":"http:\/\/gruene-lk-ks.de\/baunatal\/wp-json\/wp\/v2\/comments?post=367"}],"version-history":[{"count":2,"href":"http:\/\/gruene-lk-ks.de\/baunatal\/wp-json\/wp\/v2\/posts\/367\/revisions"}],"predecessor-version":[{"id":369,"href":"http:\/\/gruene-lk-ks.de\/baunatal\/wp-json\/wp\/v2\/posts\/367\/revisions\/369"}],"wp:attachment":[{"href":"http:\/\/gruene-lk-ks.de\/baunatal\/wp-json\/wp\/v2\/media?parent=367"}],"wp:term":[{"taxonomy":"category","embeddable":true,"href":"http:\/\/gruene-lk-ks.de\/baunatal\/wp-json\/wp\/v2\/categories?post=367"},{"taxonomy":"post_tag","embeddable":true,"href":"http:\/\/gruene-lk-ks.de\/baunatal\/wp-json\/wp\/v2\/tags?post=367"}],"curies":[{"name":"wp","href":"https:\/\/api.w.org\/{rel}","templated":true}]}}