{"id":371,"date":"2015-12-08T15:01:51","date_gmt":"2015-12-08T13:01:51","guid":{"rendered":"http:\/\/gruene-lk-ks.de\/baunatal\/?p=371"},"modified":"2015-12-08T15:23:20","modified_gmt":"2015-12-08T13:23:20","slug":"gruene-baunatal-gratulieren-neuem-auslaenderbeirat","status":"publish","type":"post","link":"http:\/\/gruene-lk-ks.de\/baunatal\/gruene-baunatal-gratulieren-neuem-auslaenderbeirat\/","title":{"rendered":"GR\u00dcNE Baunatal gratulieren neuem Ausl\u00e4nderbeirat"},"content":{"rendered":"<p style=\"text-align: right\"><b> 6.12. 2015<\/b><\/p>\n<p><b> Pressemitteilung <\/b><\/p>\n<p><b>GR\u00dcNE Baunatal gratulieren neuem Ausl\u00e4nderbeirat<\/b><\/p>\n<p><b>Die GR\u00dcNEN Baunatal <\/b>gratulieren<b> <\/b>allen neuen\u00a0 Mitgliedern des Baunataler und Kreisausl\u00e4nderbeirats zur Wahl und w\u00fcnschen dem neugew\u00e4hlten Gremium viel Kraft, gutes Zusammenwirken und kreative Ideen f\u00fcr ihre Arbeit. Gerade in der heutigen schwierigen Zeit, mit neuen Herausforderungen in der Asylpolitik, Terroranschl\u00e4gen weltweit,\u00a0 Gewalt gegen Fl\u00fcchtlingseinrichtungen in einigen Bundesl\u00e4ndern, begleitet von demagogischen Parolen, ist die Arbeit der Ausl\u00e4nderbeir\u00e4te umso wichtiger, nach innen und nach au\u00dfen. Damit kann das friedliche Zusammenleben aller Menschen in unserem Land, gleich welcher Rasse, Religion, Hautfarbe und welchen Geschlechts,\u00a0 gest\u00e4rkt werden.<\/p>\n<p>Besonders begr\u00fc\u00dfen die GR\u00dcNEN und ihre Fraktion, dass nach dem Ausscheiden ihrer ehemaligen Fraktionskollegin <b>Dr. Kamela Mohtezebsade<\/b> aus dem Ausl\u00e4nderbeirat wieder zumindest eine Frau gew\u00e4hlt wurde. Sie w\u00fcnschen <b>Maryam Aliabadi Simani<\/b> in diesem von 10 M\u00e4nnern gepr\u00e4gten Gremium ein gutes Durchsetzungsverm\u00f6gen, besonders wenn es um Anliegen und Belange weiblicher Mitb\u00fcrgerinnen mit Migrationshintergrund\u00a0 in unserer Kommune geht.<\/p>\n<p>Positiv anzumerken ist, dass trotz der insgesamt niedrigen Wahlbeteiligung im Landkreis Kassel noch vergleichsweise die meisten Wahlberechtigten (15,8 %) in Baunatal ihre Stimme abgaben und damit Interesse bekundeten.<\/p>\n<p>Die GR\u00dcNEN bieten an, die Arbeit des \u00f6rtlichen AB, unter ihrem bisherigen Vorsitzenden <b>Pehl\u00fcl Karahan<\/b> und des\u00a0 Kreisausl\u00e4nderbeirats, unter Vorsitz von <b>Cemal Bozdogan<\/b>, weiterhin positiv-best\u00e4rkend aber auch kritisch-konstruktiv zu begleiten. Besonders mit der neuen Fl\u00fcchtlingsunterkunft, mit inzwischen etwa 100 BewohnerInnen, unter ihnen fast 20 Kinder, in Baunatal-Hertingshausen hat sich ein weiteres\u00a0 Aufgabengebiet ergeben. Gerade f\u00fcr diese Familien, mit kleinen Kindern, w\u00e4ren Wohnungen, m\u00f6glicherweise\u00a0 in Ortsteilen mit passendem Schulangebot, eine gro\u00dfe Erleichterung.<\/p>\n<div id=\"attachment_373\" class=\"wp-caption aligncenter\" style=\"width: 783px\"><a class=\"fancybox\" rel=\"gallery371\" href=\"http:\/\/gruene-lk-ks.de\/baunatal\/files\/2015\/12\/IMG_9962.jpg\"><img loading=\"lazy\" class=\"size-large wp-image-373\" src=\"http:\/\/gruene-lk-ks.de\/baunatal\/files\/2015\/12\/IMG_9962-800x533.jpg\" alt=\"Besuch vom Vorsitzenden des Kreisausl\u00e4nderbeirats, Cemal Bozdogan, am Stand der GR\u00dcNEN in der Glaspassage\" width=\"783\" height=\"522\" srcset=\"http:\/\/gruene-lk-ks.de\/baunatal\/files\/2015\/12\/IMG_9962-800x533.jpg 800w, http:\/\/gruene-lk-ks.de\/baunatal\/files\/2015\/12\/IMG_9962-400x267.jpg 400w, http:\/\/gruene-lk-ks.de\/baunatal\/files\/2015\/12\/IMG_9962-150x100.jpg 150w\" sizes=\"(max-width: 783px) 100vw, 783px\" \/><\/a><p class=\"wp-caption-text\">Besuch vom Vorsitzenden des Kreisausl\u00e4nderbeirats, Cemal Bozdogan, am Stand der GR\u00dcNEN in der Glaspassage<\/p><\/div>\n","protected":false},"excerpt":{"rendered":"<p>6.12. 2015 Pressemitteilung GR\u00dcNE Baunatal gratulieren neuem Ausl\u00e4nderbeirat Die GR\u00dcNEN Baunatal gratulieren allen neuen\u00a0 Mitgliedern des Baunataler und Kreisausl\u00e4nderbeirats zur Wahl und w\u00fcnschen dem neugew\u00e4hlten Gremium viel Kraft, gutes Zusammenwirken&#8230; <\/p>\n","protected":false},"author":6,"featured_media":373,"comment_status":"open","ping_status":"open","sticky":false,"template":"","format":"standard","meta":{"ngg_post_thumbnail":0},"categories":[1],"tags":[],"_links":{"self":[{"href":"http:\/\/gruene-lk-ks.de\/baunatal\/wp-json\/wp\/v2\/posts\/371"}],"collection":[{"href":"http:\/\/gruene-lk-ks.de\/baunatal\/wp-json\/wp\/v2\/posts"}],"about":[{"href":"http:\/\/gruene-lk-ks.de\/baunatal\/wp-json\/wp\/v2\/types\/post"}],"author":[{"embeddable":true,"href":"http:\/\/gruene-lk-ks.de\/baunatal\/wp-json\/wp\/v2\/users\/6"}],"replies":[{"embeddable":true,"href":"http:\/\/gruene-lk-ks.de\/baunatal\/wp-json\/wp\/v2\/comments?post=371"}],"version-history":[{"count":3,"href":"http:\/\/gruene-lk-ks.de\/baunatal\/wp-json\/wp\/v2\/posts\/371\/revisions"}],"predecessor-version":[{"id":382,"href":"http:\/\/gruene-lk-ks.de\/baunatal\/wp-json\/wp\/v2\/posts\/371\/revisions\/382"}],"wp:featuredmedia":[{"embeddable":true,"href":"http:\/\/gruene-lk-ks.de\/baunatal\/wp-json\/wp\/v2\/media\/373"}],"wp:attachment":[{"href":"http:\/\/gruene-lk-ks.de\/baunatal\/wp-json\/wp\/v2\/media?parent=371"}],"wp:term":[{"taxonomy":"category","embeddable":true,"href":"http:\/\/gruene-lk-ks.de\/baunatal\/wp-json\/wp\/v2\/categories?post=371"},{"taxonomy":"post_tag","embeddable":true,"href":"http:\/\/gruene-lk-ks.de\/baunatal\/wp-json\/wp\/v2\/tags?post=371"}],"curies":[{"name":"wp","href":"https:\/\/api.w.org\/{rel}","templated":true}]}}