{"id":3710,"date":"2023-11-20T21:16:43","date_gmt":"2023-11-20T19:16:43","guid":{"rendered":"http:\/\/gruene-lk-ks.de\/baunatal\/?p=3710"},"modified":"2023-11-20T21:16:45","modified_gmt":"2023-11-20T19:16:45","slug":"gute-stimmung-beim-gruenen-kuerbisfest-an-der-wassermuehle-in-guntershausen","status":"publish","type":"post","link":"http:\/\/gruene-lk-ks.de\/baunatal\/gute-stimmung-beim-gruenen-kuerbisfest-an-der-wassermuehle-in-guntershausen\/","title":{"rendered":"Gute Stimmung beim GR\u00dcNEN K\u00fcrbisfest an der Wasserm\u00fchle in Guntershausen"},"content":{"rendered":"\n<p>Wie in den vergangenen Jahren herrschte reges Treiben und Kinderlachen beim K\u00fcrbisfest der GR\u00dcNEN Baunatal Ende Oktober im wunderbaren Ambiente der Guntersh\u00e4user Wasserm\u00fchle. Mehr als 80 unbearbeitete K\u00fcrbisse warteten schon fein aufgereiht auf die Kinder, gro\u00df und klein, um unter Begleitung ihrer Eltern, je nach Geschmack mal einfach oder filigran geschnitzt und ausgeh\u00f6hlt zu werden. Insgesamt mehr als 130 G\u00e4ste konnten die beiden Vorsitzenden der GR\u00dcNEN, Gerhild Tuchan und Marcel Suttner, an diesem Nachmittag bei Nieselwetter begr\u00fc\u00dfen.<\/p>\n\n\n\n<p>Frische Waffeln, ein tolles Buffet mit leckeren Salaten, hei\u00dfe K\u00fcrbissuppe, selbstgebackenes Brot, einige Kuchen und Pl\u00e4tzchensorten und nat\u00fcrlich verschiedene Bio-W\u00fcrstchen vom Grill, sowie eine Vielzahl an Getr\u00e4nken warteten auf die BesucherInnen. Nicht zu vergessen die unterhaltsame Harfenmusik, diesmal mit Saxophonbegleitung vom \u201cKlangduo hin &amp; weg\u201c, die mit keltischer Musik aber auch eigenen Liedern und&nbsp; Improvisationen unser Fest bereits zum zweiten Mal bereicherten. Wie immer waren alle Angebote f\u00fcr unsere G\u00e4ste kostenfrei, inklusive der K\u00fcrbisse. Aufgestellte Spendensparschweine freuten sich \u201egef\u00fcttert zu werden\u201c, wof\u00fcr wir danken. Ein gro\u00dfer Dank geht gleichfalls an die zahlreichen HelferInnen an diesem Tag sowie bei der Vor- und Nachbereitung des Events, stellvertretend Juliane und Manfred. Ebenso herzlich bedanken wir uns beim tegut-Markt in Altenritte, der einen gro\u00dfen Teil der K\u00fcrbisse gespendet hat und der Lorenz-Apotheke in Altenbauna, f\u00fcr die wunderbaren Preise f\u00fcr die sch\u00f6nsten K\u00fcrbisse.<\/p>\n\n\n\n<figure class=\"wp-block-gallery columns-3 is-cropped\"><ul class=\"blocks-gallery-grid\"><li class=\"blocks-gallery-item\"><figure><a class=\"fancybox\" rel=\"gallery3710\" href=\"http:\/\/gruene-lk-ks.de\/baunatal\/files\/2023\/11\/signal-2023-10-29-20-17-05-142.jpg\"><img loading=\"lazy\" width=\"800\" height=\"600\" src=\"http:\/\/gruene-lk-ks.de\/baunatal\/files\/2023\/11\/signal-2023-10-29-20-17-05-142-800x600.jpg\" alt=\"\" data-id=\"3713\" data-full-url=\"http:\/\/gruene-lk-ks.de\/baunatal\/files\/2023\/11\/signal-2023-10-29-20-17-05-142.jpg\" data-link=\"http:\/\/gruene-lk-ks.de\/baunatal\/signal-2023-10-29-20-17-05-142\/\" class=\"wp-image-3713\" srcset=\"http:\/\/gruene-lk-ks.de\/baunatal\/files\/2023\/11\/signal-2023-10-29-20-17-05-142-800x600.jpg 800w, http:\/\/gruene-lk-ks.de\/baunatal\/files\/2023\/11\/signal-2023-10-29-20-17-05-142-400x300.jpg 400w, http:\/\/gruene-lk-ks.de\/baunatal\/files\/2023\/11\/signal-2023-10-29-20-17-05-142-768x576.jpg 768w, http:\/\/gruene-lk-ks.de\/baunatal\/files\/2023\/11\/signal-2023-10-29-20-17-05-142-1536x1152.jpg 1536w, http:\/\/gruene-lk-ks.de\/baunatal\/files\/2023\/11\/signal-2023-10-29-20-17-05-142-150x113.jpg 150w, http:\/\/gruene-lk-ks.de\/baunatal\/files\/2023\/11\/signal-2023-10-29-20-17-05-142.jpg 2048w\" sizes=\"(max-width: 800px) 100vw, 800px\" \/><\/a><figcaption class=\"blocks-gallery-item__caption\">Begr\u00fc\u00dfung durch unsere OV-Sprecherin Gerhild und OV-Sprecher Marcel<\/figcaption><\/figure><\/li><li class=\"blocks-gallery-item\"><figure><a class=\"fancybox\" rel=\"gallery3710\" href=\"http:\/\/gruene-lk-ks.de\/baunatal\/files\/2023\/11\/signal-2023-10-29-20-17-05-142-1.jpg\"><img loading=\"lazy\" width=\"800\" height=\"532\" src=\"http:\/\/gruene-lk-ks.de\/baunatal\/files\/2023\/11\/signal-2023-10-29-20-17-05-142-1-800x532.jpg\" alt=\"\" data-id=\"3714\" data-full-url=\"http:\/\/gruene-lk-ks.de\/baunatal\/files\/2023\/11\/signal-2023-10-29-20-17-05-142-1.jpg\" data-link=\"http:\/\/gruene-lk-ks.de\/baunatal\/signal-2023-10-29-20-17-05-142-1\/\" class=\"wp-image-3714\" srcset=\"http:\/\/gruene-lk-ks.de\/baunatal\/files\/2023\/11\/signal-2023-10-29-20-17-05-142-1-800x532.jpg 800w, http:\/\/gruene-lk-ks.de\/baunatal\/files\/2023\/11\/signal-2023-10-29-20-17-05-142-1-400x266.jpg 400w, http:\/\/gruene-lk-ks.de\/baunatal\/files\/2023\/11\/signal-2023-10-29-20-17-05-142-1-768x511.jpg 768w, http:\/\/gruene-lk-ks.de\/baunatal\/files\/2023\/11\/signal-2023-10-29-20-17-05-142-1-1536x1022.jpg 1536w, http:\/\/gruene-lk-ks.de\/baunatal\/files\/2023\/11\/signal-2023-10-29-20-17-05-142-1-150x100.jpg 150w, http:\/\/gruene-lk-ks.de\/baunatal\/files\/2023\/11\/signal-2023-10-29-20-17-05-142-1.jpg 2048w\" sizes=\"(max-width: 800px) 100vw, 800px\" \/><\/a><figcaption class=\"blocks-gallery-item__caption\">Spa\u00df beim Grillen<\/figcaption><\/figure><\/li><li class=\"blocks-gallery-item\"><figure><a class=\"fancybox\" rel=\"gallery3710\" href=\"http:\/\/gruene-lk-ks.de\/baunatal\/files\/2023\/11\/signal-2023-10-29-20-17-05-142-2.jpg\"><img loading=\"lazy\" width=\"800\" height=\"1067\" src=\"http:\/\/gruene-lk-ks.de\/baunatal\/files\/2023\/11\/signal-2023-10-29-20-17-05-142-2-800x1067.jpg\" alt=\"\" data-id=\"3715\" data-full-url=\"http:\/\/gruene-lk-ks.de\/baunatal\/files\/2023\/11\/signal-2023-10-29-20-17-05-142-2.jpg\" data-link=\"http:\/\/gruene-lk-ks.de\/baunatal\/signal-2023-10-29-20-17-05-142-2\/\" class=\"wp-image-3715\" srcset=\"http:\/\/gruene-lk-ks.de\/baunatal\/files\/2023\/11\/signal-2023-10-29-20-17-05-142-2-800x1067.jpg 800w, http:\/\/gruene-lk-ks.de\/baunatal\/files\/2023\/11\/signal-2023-10-29-20-17-05-142-2-400x534.jpg 400w, http:\/\/gruene-lk-ks.de\/baunatal\/files\/2023\/11\/signal-2023-10-29-20-17-05-142-2-768x1025.jpg 768w, http:\/\/gruene-lk-ks.de\/baunatal\/files\/2023\/11\/signal-2023-10-29-20-17-05-142-2-112x150.jpg 112w, http:\/\/gruene-lk-ks.de\/baunatal\/files\/2023\/11\/signal-2023-10-29-20-17-05-142-2.jpg 1044w\" sizes=\"(max-width: 800px) 100vw, 800px\" \/><\/a><figcaption class=\"blocks-gallery-item__caption\">engagiertes K\u00fcrbis-Schnitzen<\/figcaption><\/figure><\/li><li class=\"blocks-gallery-item\"><figure><a class=\"fancybox\" rel=\"gallery3710\" href=\"http:\/\/gruene-lk-ks.de\/baunatal\/files\/2023\/11\/signal-2023-10-29-20-17-05-142-3.jpg\"><img loading=\"lazy\" width=\"800\" height=\"800\" src=\"http:\/\/gruene-lk-ks.de\/baunatal\/files\/2023\/11\/signal-2023-10-29-20-17-05-142-3-800x800.jpg\" alt=\"\" data-id=\"3716\" data-full-url=\"http:\/\/gruene-lk-ks.de\/baunatal\/files\/2023\/11\/signal-2023-10-29-20-17-05-142-3.jpg\" data-link=\"http:\/\/gruene-lk-ks.de\/baunatal\/signal-2023-10-29-20-17-05-142-3\/\" class=\"wp-image-3716\" srcset=\"http:\/\/gruene-lk-ks.de\/baunatal\/files\/2023\/11\/signal-2023-10-29-20-17-05-142-3-800x800.jpg 800w, http:\/\/gruene-lk-ks.de\/baunatal\/files\/2023\/11\/signal-2023-10-29-20-17-05-142-3-400x400.jpg 400w, http:\/\/gruene-lk-ks.de\/baunatal\/files\/2023\/11\/signal-2023-10-29-20-17-05-142-3-150x150.jpg 150w, http:\/\/gruene-lk-ks.de\/baunatal\/files\/2023\/11\/signal-2023-10-29-20-17-05-142-3-768x768.jpg 768w, http:\/\/gruene-lk-ks.de\/baunatal\/files\/2023\/11\/signal-2023-10-29-20-17-05-142-3-1536x1536.jpg 1536w, http:\/\/gruene-lk-ks.de\/baunatal\/files\/2023\/11\/signal-2023-10-29-20-17-05-142-3.jpg 2047w\" sizes=\"(max-width: 800px) 100vw, 800px\" \/><\/a><\/figure><\/li><li class=\"blocks-gallery-item\"><figure><a class=\"fancybox\" rel=\"gallery3710\" href=\"http:\/\/gruene-lk-ks.de\/baunatal\/files\/2023\/11\/signal-2023-10-29-20-17-05-142-4.jpg\"><img loading=\"lazy\" width=\"800\" height=\"800\" src=\"http:\/\/gruene-lk-ks.de\/baunatal\/files\/2023\/11\/signal-2023-10-29-20-17-05-142-4-800x800.jpg\" alt=\"\" data-id=\"3717\" data-full-url=\"http:\/\/gruene-lk-ks.de\/baunatal\/files\/2023\/11\/signal-2023-10-29-20-17-05-142-4.jpg\" data-link=\"http:\/\/gruene-lk-ks.de\/baunatal\/signal-2023-10-29-20-17-05-142-4\/\" class=\"wp-image-3717\" srcset=\"http:\/\/gruene-lk-ks.de\/baunatal\/files\/2023\/11\/signal-2023-10-29-20-17-05-142-4-800x800.jpg 800w, http:\/\/gruene-lk-ks.de\/baunatal\/files\/2023\/11\/signal-2023-10-29-20-17-05-142-4-400x400.jpg 400w, http:\/\/gruene-lk-ks.de\/baunatal\/files\/2023\/11\/signal-2023-10-29-20-17-05-142-4-150x150.jpg 150w, http:\/\/gruene-lk-ks.de\/baunatal\/files\/2023\/11\/signal-2023-10-29-20-17-05-142-4-768x768.jpg 768w, http:\/\/gruene-lk-ks.de\/baunatal\/files\/2023\/11\/signal-2023-10-29-20-17-05-142-4-1536x1536.jpg 1536w, http:\/\/gruene-lk-ks.de\/baunatal\/files\/2023\/11\/signal-2023-10-29-20-17-05-142-4.jpg 2048w\" sizes=\"(max-width: 800px) 100vw, 800px\" \/><\/a><figcaption class=\"blocks-gallery-item__caption\">Klangduo hin &amp; weg<\/figcaption><\/figure><\/li><li class=\"blocks-gallery-item\"><figure><a class=\"fancybox\" rel=\"gallery3710\" href=\"http:\/\/gruene-lk-ks.de\/baunatal\/files\/2023\/11\/signal-2023-10-29-20-17-05-142-5.jpg\"><img loading=\"lazy\" width=\"800\" height=\"532\" src=\"http:\/\/gruene-lk-ks.de\/baunatal\/files\/2023\/11\/signal-2023-10-29-20-17-05-142-5-800x532.jpg\" alt=\"\" data-id=\"3718\" data-full-url=\"http:\/\/gruene-lk-ks.de\/baunatal\/files\/2023\/11\/signal-2023-10-29-20-17-05-142-5.jpg\" data-link=\"http:\/\/gruene-lk-ks.de\/baunatal\/signal-2023-10-29-20-17-05-142-5\/\" class=\"wp-image-3718\" srcset=\"http:\/\/gruene-lk-ks.de\/baunatal\/files\/2023\/11\/signal-2023-10-29-20-17-05-142-5-800x532.jpg 800w, http:\/\/gruene-lk-ks.de\/baunatal\/files\/2023\/11\/signal-2023-10-29-20-17-05-142-5-400x266.jpg 400w, http:\/\/gruene-lk-ks.de\/baunatal\/files\/2023\/11\/signal-2023-10-29-20-17-05-142-5-768x511.jpg 768w, http:\/\/gruene-lk-ks.de\/baunatal\/files\/2023\/11\/signal-2023-10-29-20-17-05-142-5-1536x1022.jpg 1536w, http:\/\/gruene-lk-ks.de\/baunatal\/files\/2023\/11\/signal-2023-10-29-20-17-05-142-5-150x100.jpg 150w, http:\/\/gruene-lk-ks.de\/baunatal\/files\/2023\/11\/signal-2023-10-29-20-17-05-142-5.jpg 2048w\" sizes=\"(max-width: 800px) 100vw, 800px\" \/><\/a><\/figure><\/li><li class=\"blocks-gallery-item\"><figure><a class=\"fancybox\" rel=\"gallery3710\" href=\"http:\/\/gruene-lk-ks.de\/baunatal\/files\/2023\/11\/signal-2023-10-29-20-17-05-142-6.jpg\"><img loading=\"lazy\" width=\"800\" height=\"1067\" src=\"http:\/\/gruene-lk-ks.de\/baunatal\/files\/2023\/11\/signal-2023-10-29-20-17-05-142-6-800x1067.jpg\" alt=\"\" data-id=\"3719\" data-full-url=\"http:\/\/gruene-lk-ks.de\/baunatal\/files\/2023\/11\/signal-2023-10-29-20-17-05-142-6.jpg\" data-link=\"http:\/\/gruene-lk-ks.de\/baunatal\/signal-2023-10-29-20-17-05-142-6\/\" class=\"wp-image-3719\" srcset=\"http:\/\/gruene-lk-ks.de\/baunatal\/files\/2023\/11\/signal-2023-10-29-20-17-05-142-6-800x1067.jpg 800w, http:\/\/gruene-lk-ks.de\/baunatal\/files\/2023\/11\/signal-2023-10-29-20-17-05-142-6-400x533.jpg 400w, http:\/\/gruene-lk-ks.de\/baunatal\/files\/2023\/11\/signal-2023-10-29-20-17-05-142-6-768x1024.jpg 768w, http:\/\/gruene-lk-ks.de\/baunatal\/files\/2023\/11\/signal-2023-10-29-20-17-05-142-6-1152x1536.jpg 1152w, http:\/\/gruene-lk-ks.de\/baunatal\/files\/2023\/11\/signal-2023-10-29-20-17-05-142-6-113x150.jpg 113w, http:\/\/gruene-lk-ks.de\/baunatal\/files\/2023\/11\/signal-2023-10-29-20-17-05-142-6.jpg 1536w\" sizes=\"(max-width: 800px) 100vw, 800px\" \/><\/a><figcaption class=\"blocks-gallery-item__caption\">zum Gl\u00fcck konnte man sich unter dem Dach mit Decken und hei\u00dfen Getr\u00e4nken aufw\u00e4rmen<\/figcaption><\/figure><\/li><li class=\"blocks-gallery-item\"><figure><a class=\"fancybox\" rel=\"gallery3710\" href=\"http:\/\/gruene-lk-ks.de\/baunatal\/files\/2023\/11\/signal-2023-10-29-20-17-05-142-7.jpg\"><img loading=\"lazy\" width=\"800\" height=\"600\" src=\"http:\/\/gruene-lk-ks.de\/baunatal\/files\/2023\/11\/signal-2023-10-29-20-17-05-142-7-800x600.jpg\" alt=\"\" data-id=\"3720\" data-full-url=\"http:\/\/gruene-lk-ks.de\/baunatal\/files\/2023\/11\/signal-2023-10-29-20-17-05-142-7.jpg\" data-link=\"http:\/\/gruene-lk-ks.de\/baunatal\/signal-2023-10-29-20-17-05-142-7\/\" class=\"wp-image-3720\" srcset=\"http:\/\/gruene-lk-ks.de\/baunatal\/files\/2023\/11\/signal-2023-10-29-20-17-05-142-7-800x600.jpg 800w, http:\/\/gruene-lk-ks.de\/baunatal\/files\/2023\/11\/signal-2023-10-29-20-17-05-142-7-400x300.jpg 400w, http:\/\/gruene-lk-ks.de\/baunatal\/files\/2023\/11\/signal-2023-10-29-20-17-05-142-7-768x576.jpg 768w, http:\/\/gruene-lk-ks.de\/baunatal\/files\/2023\/11\/signal-2023-10-29-20-17-05-142-7-1536x1152.jpg 1536w, http:\/\/gruene-lk-ks.de\/baunatal\/files\/2023\/11\/signal-2023-10-29-20-17-05-142-7-150x113.jpg 150w, http:\/\/gruene-lk-ks.de\/baunatal\/files\/2023\/11\/signal-2023-10-29-20-17-05-142-7.jpg 2048w\" sizes=\"(max-width: 800px) 100vw, 800px\" \/><\/a><figcaption class=\"blocks-gallery-item__caption\">es wird flei\u00dfig geschnitzt<\/figcaption><\/figure><\/li><li class=\"blocks-gallery-item\"><figure><a class=\"fancybox\" rel=\"gallery3710\" href=\"http:\/\/gruene-lk-ks.de\/baunatal\/files\/2023\/11\/signal-2023-10-29-20-19-34-466.jpg\"><img loading=\"lazy\" width=\"768\" height=\"1024\" src=\"http:\/\/gruene-lk-ks.de\/baunatal\/files\/2023\/11\/signal-2023-10-29-20-19-34-466.jpg\" alt=\"\" data-id=\"3721\" data-full-url=\"http:\/\/gruene-lk-ks.de\/baunatal\/files\/2023\/11\/signal-2023-10-29-20-19-34-466.jpg\" data-link=\"http:\/\/gruene-lk-ks.de\/baunatal\/signal-2023-10-29-20-19-34-466\/\" class=\"wp-image-3721\" srcset=\"http:\/\/gruene-lk-ks.de\/baunatal\/files\/2023\/11\/signal-2023-10-29-20-19-34-466.jpg 768w, http:\/\/gruene-lk-ks.de\/baunatal\/files\/2023\/11\/signal-2023-10-29-20-19-34-466-400x533.jpg 400w, http:\/\/gruene-lk-ks.de\/baunatal\/files\/2023\/11\/signal-2023-10-29-20-19-34-466-113x150.jpg 113w\" sizes=\"(max-width: 768px) 100vw, 768px\" \/><\/a><figcaption class=\"blocks-gallery-item__caption\">Abendausklang am Lagerfeuer<\/figcaption><\/figure><\/li><li class=\"blocks-gallery-item\"><figure><a class=\"fancybox\" rel=\"gallery3710\" href=\"http:\/\/gruene-lk-ks.de\/baunatal\/files\/2023\/11\/2023_PM_Nov.-3_Kuerbisfest-Foto_HP-1.jpg\"><img loading=\"lazy\" width=\"800\" height=\"532\" src=\"http:\/\/gruene-lk-ks.de\/baunatal\/files\/2023\/11\/2023_PM_Nov.-3_Kuerbisfest-Foto_HP-1-800x532.jpg\" alt=\"\" data-id=\"3722\" data-full-url=\"http:\/\/gruene-lk-ks.de\/baunatal\/files\/2023\/11\/2023_PM_Nov.-3_Kuerbisfest-Foto_HP-1.jpg\" data-link=\"http:\/\/gruene-lk-ks.de\/baunatal\/2023_pm_nov-3_kuerbisfest-foto_hp-1\/\" class=\"wp-image-3722\" srcset=\"http:\/\/gruene-lk-ks.de\/baunatal\/files\/2023\/11\/2023_PM_Nov.-3_Kuerbisfest-Foto_HP-1-800x532.jpg 800w, http:\/\/gruene-lk-ks.de\/baunatal\/files\/2023\/11\/2023_PM_Nov.-3_Kuerbisfest-Foto_HP-1-400x266.jpg 400w, http:\/\/gruene-lk-ks.de\/baunatal\/files\/2023\/11\/2023_PM_Nov.-3_Kuerbisfest-Foto_HP-1-768x511.jpg 768w, http:\/\/gruene-lk-ks.de\/baunatal\/files\/2023\/11\/2023_PM_Nov.-3_Kuerbisfest-Foto_HP-1-1536x1022.jpg 1536w, http:\/\/gruene-lk-ks.de\/baunatal\/files\/2023\/11\/2023_PM_Nov.-3_Kuerbisfest-Foto_HP-1-150x100.jpg 150w, http:\/\/gruene-lk-ks.de\/baunatal\/files\/2023\/11\/2023_PM_Nov.-3_Kuerbisfest-Foto_HP-1.jpg 2048w\" sizes=\"(max-width: 800px) 100vw, 800px\" \/><\/a><figcaption class=\"blocks-gallery-item__caption\">die noch unbehauenen K\u00fcrbisse<\/figcaption><\/figure><\/li><li class=\"blocks-gallery-item\"><figure><a class=\"fancybox\" rel=\"gallery3710\" href=\"http:\/\/gruene-lk-ks.de\/baunatal\/files\/2023\/11\/2023_PM_Nov.-3_Kuerbisfest-Foto_HP-2.jpg\"><img loading=\"lazy\" width=\"800\" height=\"800\" src=\"http:\/\/gruene-lk-ks.de\/baunatal\/files\/2023\/11\/2023_PM_Nov.-3_Kuerbisfest-Foto_HP-2-800x800.jpg\" alt=\"\" data-id=\"3723\" data-full-url=\"http:\/\/gruene-lk-ks.de\/baunatal\/files\/2023\/11\/2023_PM_Nov.-3_Kuerbisfest-Foto_HP-2.jpg\" data-link=\"http:\/\/gruene-lk-ks.de\/baunatal\/2023_pm_nov-3_kuerbisfest-foto_hp-2\/\" class=\"wp-image-3723\" srcset=\"http:\/\/gruene-lk-ks.de\/baunatal\/files\/2023\/11\/2023_PM_Nov.-3_Kuerbisfest-Foto_HP-2-800x800.jpg 800w, http:\/\/gruene-lk-ks.de\/baunatal\/files\/2023\/11\/2023_PM_Nov.-3_Kuerbisfest-Foto_HP-2-400x400.jpg 400w, http:\/\/gruene-lk-ks.de\/baunatal\/files\/2023\/11\/2023_PM_Nov.-3_Kuerbisfest-Foto_HP-2-150x150.jpg 150w, http:\/\/gruene-lk-ks.de\/baunatal\/files\/2023\/11\/2023_PM_Nov.-3_Kuerbisfest-Foto_HP-2-768x768.jpg 768w, http:\/\/gruene-lk-ks.de\/baunatal\/files\/2023\/11\/2023_PM_Nov.-3_Kuerbisfest-Foto_HP-2-1536x1536.jpg 1536w, http:\/\/gruene-lk-ks.de\/baunatal\/files\/2023\/11\/2023_PM_Nov.-3_Kuerbisfest-Foto_HP-2.jpg 2048w\" sizes=\"(max-width: 800px) 100vw, 800px\" \/><\/a><figcaption class=\"blocks-gallery-item__caption\">fr\u00f6hliche Gr\u00fcne<\/figcaption><\/figure><\/li><\/ul><\/figure>\n\n\n\n<p>Auch wenn uns das Wetter in diesem Jahr nicht verw\u00f6hnte, der guten Stimmung konnte es nichts anhaben. Denn als die Dunkelheit hereinbrach, wartete schon der H\u00f6hepunkt des Abends auf die Kinder und Jugendlichen: die kreativsten und aussagekr\u00e4ftigsten K\u00fcrbisse wurden pr\u00e4miert und mit wertvollen Preisen bedacht. Dieses Jahr ging aber kein Kind leer aus oder traurig nach Hause, da Irle J\u00fcrgens noch eine Vielzahl an interessanten \u201cTrostpreisen\u201c bereitstellen konnte. Nat\u00fcrlich konnten alle bereit gestellten K\u00fcrbisse von den Kindern mit nach Hause genommen werden.<\/p>\n\n\n\n<p>Der Abend klang aus bei Kettcar-Rallyes f\u00fcr die Kleinen rund um die Scheune der Wasserm\u00fchle und einem Lagerfeuer f\u00fcr die Gro\u00dfen auf der dahinterliegenden Wiese. Uns hat besonders gefreut, dass uns begeisterte G\u00e4ste, zum ersten Mal dabei, ermuntert haben, dieses unterhaltsame Familienfest im Herbst jeden Jahres beizubehalten. Alle waren sich einig, diese Tradition soll weiterleben und wir freuen uns schon auf Euch im kommenden Jahr, wenn wir wieder den \u201cK\u00fcrbis hochleben lassen\u201c.<\/p>\n","protected":false},"excerpt":{"rendered":"<p>Wie in den vergangenen Jahren herrschte reges Treiben und Kinderlachen beim K\u00fcrbisfest der GR\u00dcNEN Baunatal Ende Oktober im wunderbaren Ambiente der Guntersh\u00e4user Wasserm\u00fchle. Mehr als 80 unbearbeitete K\u00fcrbisse warteten schon&#8230; <\/p>\n","protected":false},"author":20,"featured_media":3712,"comment_status":"closed","ping_status":"open","sticky":false,"template":"","format":"standard","meta":{"ngg_post_thumbnail":0},"categories":[1],"tags":[],"_links":{"self":[{"href":"http:\/\/gruene-lk-ks.de\/baunatal\/wp-json\/wp\/v2\/posts\/3710"}],"collection":[{"href":"http:\/\/gruene-lk-ks.de\/baunatal\/wp-json\/wp\/v2\/posts"}],"about":[{"href":"http:\/\/gruene-lk-ks.de\/baunatal\/wp-json\/wp\/v2\/types\/post"}],"author":[{"embeddable":true,"href":"http:\/\/gruene-lk-ks.de\/baunatal\/wp-json\/wp\/v2\/users\/20"}],"replies":[{"embeddable":true,"href":"http:\/\/gruene-lk-ks.de\/baunatal\/wp-json\/wp\/v2\/comments?post=3710"}],"version-history":[{"count":2,"href":"http:\/\/gruene-lk-ks.de\/baunatal\/wp-json\/wp\/v2\/posts\/3710\/revisions"}],"predecessor-version":[{"id":3724,"href":"http:\/\/gruene-lk-ks.de\/baunatal\/wp-json\/wp\/v2\/posts\/3710\/revisions\/3724"}],"wp:featuredmedia":[{"embeddable":true,"href":"http:\/\/gruene-lk-ks.de\/baunatal\/wp-json\/wp\/v2\/media\/3712"}],"wp:attachment":[{"href":"http:\/\/gruene-lk-ks.de\/baunatal\/wp-json\/wp\/v2\/media?parent=3710"}],"wp:term":[{"taxonomy":"category","embeddable":true,"href":"http:\/\/gruene-lk-ks.de\/baunatal\/wp-json\/wp\/v2\/categories?post=3710"},{"taxonomy":"post_tag","embeddable":true,"href":"http:\/\/gruene-lk-ks.de\/baunatal\/wp-json\/wp\/v2\/tags?post=3710"}],"curies":[{"name":"wp","href":"https:\/\/api.w.org\/{rel}","templated":true}]}}