{"id":3741,"date":"2023-11-26T16:18:50","date_gmt":"2023-11-26T14:18:50","guid":{"rendered":"http:\/\/gruene-lk-ks.de\/baunatal\/?p=3741"},"modified":"2023-11-29T15:01:25","modified_gmt":"2023-11-29T13:01:25","slug":"rueckblick-10-stammtisch-der-gruenen-in-baunatal","status":"publish","type":"post","link":"http:\/\/gruene-lk-ks.de\/baunatal\/rueckblick-10-stammtisch-der-gruenen-in-baunatal\/","title":{"rendered":"R\u00fcckblick 10. Stammtisch der GR\u00dcNEN in Baunatal"},"content":{"rendered":"\n<p>Zum 10. Stammtisch trafen sich am 23.11.23 wieder einige Mitglieder und Interessierte an GR\u00dcNER Politik in Baunatal. Auf der Agenda stand eine Ideen- und Themensammlung f\u00fcr die Neuerarbeitung eines 10-Punkte-Programmes des Ortsverbandes der GR\u00dcNEN in Baunatal. Hierzu kamen sehr interessante Anregungen und Vorschl\u00e4ge, welche auf der n\u00e4chsten Vorstandssitzung weiter diskutiert werden. Auch berichtete Lothar Rost kurz von der nahezu parallel verlaufenden Info- Veranstaltung im Elgerhaus zu dem Thema B\u00fcrgerenergiegenossenschaft, welche sich an B\u00fcrger*innen der Kommunen von&nbsp; Baunatal, Schauenburg und vier weitere Kommunen richtete. Wie konkret die Pl\u00e4ne zur Gr\u00fcndung einer BEG nach Vorbild Wolfhagen oder Kassel &amp; S\u00f6hre ist, blieb noch unklar. U.a. wurde mitgeteilt, dass eine Untersuchung zu potentiellen Fl\u00e4chen zur Errichtung von Photovoltaik-Freifl\u00e4chenanlagen von den St\u00e4dtischen Werken vorgenommen wird.<\/p>\n\n\n\n<figure class=\"wp-block-image size-large\"><a class=\"fancybox\" rel=\"gallery3741\" href=\"http:\/\/gruene-lk-ks.de\/baunatal\/files\/2023\/11\/20231123_202720_remastered-scaled.jpeg\"><img loading=\"lazy\" width=\"800\" height=\"372\" src=\"http:\/\/gruene-lk-ks.de\/baunatal\/files\/2023\/11\/20231123_202720_remastered-800x372.jpeg\" alt=\"\" class=\"wp-image-3742\" srcset=\"http:\/\/gruene-lk-ks.de\/baunatal\/files\/2023\/11\/20231123_202720_remastered-800x372.jpeg 800w, http:\/\/gruene-lk-ks.de\/baunatal\/files\/2023\/11\/20231123_202720_remastered-400x186.jpeg 400w, http:\/\/gruene-lk-ks.de\/baunatal\/files\/2023\/11\/20231123_202720_remastered-768x357.jpeg 768w, http:\/\/gruene-lk-ks.de\/baunatal\/files\/2023\/11\/20231123_202720_remastered-1536x715.jpeg 1536w, http:\/\/gruene-lk-ks.de\/baunatal\/files\/2023\/11\/20231123_202720_remastered-2048x953.jpeg 2048w, http:\/\/gruene-lk-ks.de\/baunatal\/files\/2023\/11\/20231123_202720_remastered-150x70.jpeg 150w\" sizes=\"(max-width: 800px) 100vw, 800px\" \/><\/a><\/figure>\n","protected":false},"excerpt":{"rendered":"<p>Zum 10. Stammtisch trafen sich am 23.11.23 wieder einige Mitglieder und Interessierte an GR\u00dcNER Politik in Baunatal. Auf der Agenda stand eine Ideen- und Themensammlung f\u00fcr die Neuerarbeitung eines 10-Punkte-Programmes&#8230; <\/p>\n","protected":false},"author":23,"featured_media":3742,"comment_status":"closed","ping_status":"open","sticky":false,"template":"","format":"standard","meta":{"ngg_post_thumbnail":0},"categories":[1,7113,7100],"tags":[],"_links":{"self":[{"href":"http:\/\/gruene-lk-ks.de\/baunatal\/wp-json\/wp\/v2\/posts\/3741"}],"collection":[{"href":"http:\/\/gruene-lk-ks.de\/baunatal\/wp-json\/wp\/v2\/posts"}],"about":[{"href":"http:\/\/gruene-lk-ks.de\/baunatal\/wp-json\/wp\/v2\/types\/post"}],"author":[{"embeddable":true,"href":"http:\/\/gruene-lk-ks.de\/baunatal\/wp-json\/wp\/v2\/users\/23"}],"replies":[{"embeddable":true,"href":"http:\/\/gruene-lk-ks.de\/baunatal\/wp-json\/wp\/v2\/comments?post=3741"}],"version-history":[{"count":2,"href":"http:\/\/gruene-lk-ks.de\/baunatal\/wp-json\/wp\/v2\/posts\/3741\/revisions"}],"predecessor-version":[{"id":3750,"href":"http:\/\/gruene-lk-ks.de\/baunatal\/wp-json\/wp\/v2\/posts\/3741\/revisions\/3750"}],"wp:featuredmedia":[{"embeddable":true,"href":"http:\/\/gruene-lk-ks.de\/baunatal\/wp-json\/wp\/v2\/media\/3742"}],"wp:attachment":[{"href":"http:\/\/gruene-lk-ks.de\/baunatal\/wp-json\/wp\/v2\/media?parent=3741"}],"wp:term":[{"taxonomy":"category","embeddable":true,"href":"http:\/\/gruene-lk-ks.de\/baunatal\/wp-json\/wp\/v2\/categories?post=3741"},{"taxonomy":"post_tag","embeddable":true,"href":"http:\/\/gruene-lk-ks.de\/baunatal\/wp-json\/wp\/v2\/tags?post=3741"}],"curies":[{"name":"wp","href":"https:\/\/api.w.org\/{rel}","templated":true}]}}