{"id":3745,"date":"2023-11-29T15:00:19","date_gmt":"2023-11-29T13:00:19","guid":{"rendered":"http:\/\/gruene-lk-ks.de\/baunatal\/?p=3745"},"modified":"2023-11-29T15:00:21","modified_gmt":"2023-11-29T13:00:21","slug":"ehrung-fuer-ein-urgestein-der-gruenen-im-landkreis-kassel","status":"publish","type":"post","link":"http:\/\/gruene-lk-ks.de\/baunatal\/ehrung-fuer-ein-urgestein-der-gruenen-im-landkreis-kassel\/","title":{"rendered":"Ehrung f\u00fcr ein Urgestein der GR\u00dcNEN im Landkreis Kassel"},"content":{"rendered":"\n<p>Im Rahmen einer Kreismitgliederversammlung in Baunatal erhielt Edmund (Ede) Borschel, aktuell stellvertretender Fraktionsvorsitzender in Baunatal und stellvertretender Kreistagsvorsitzender im Landkreis Kassel, eine bisher eher seltene Auszeichnung seiner Partei. Ihm wurde vom Kreisvorstandssprecher Juri St\u00f6lzner eine <strong>Ehrenurkunde<\/strong> des Landesverbands \u00fcberreicht <strong>f\u00fcr<\/strong> <strong>40 Jahre Mitgliedschaft bei den hessischen GR\u00dcNEN <\/strong>(s. Foto). <\/p>\n\n\n\n<figure class=\"wp-block-image size-large\"><a class=\"fancybox\" rel=\"gallery3745\" href=\"http:\/\/gruene-lk-ks.de\/baunatal\/files\/2023\/11\/2023_KMV_Ehrung_Foto-3.jpg\"><img loading=\"lazy\" width=\"800\" height=\"600\" src=\"http:\/\/gruene-lk-ks.de\/baunatal\/files\/2023\/11\/2023_KMV_Ehrung_Foto-3-800x600.jpg\" alt=\"\" class=\"wp-image-3746\" srcset=\"http:\/\/gruene-lk-ks.de\/baunatal\/files\/2023\/11\/2023_KMV_Ehrung_Foto-3-800x600.jpg 800w, http:\/\/gruene-lk-ks.de\/baunatal\/files\/2023\/11\/2023_KMV_Ehrung_Foto-3-400x300.jpg 400w, http:\/\/gruene-lk-ks.de\/baunatal\/files\/2023\/11\/2023_KMV_Ehrung_Foto-3-768x576.jpg 768w, http:\/\/gruene-lk-ks.de\/baunatal\/files\/2023\/11\/2023_KMV_Ehrung_Foto-3-150x112.jpg 150w, http:\/\/gruene-lk-ks.de\/baunatal\/files\/2023\/11\/2023_KMV_Ehrung_Foto-3.jpg 1331w\" sizes=\"(max-width: 800px) 100vw, 800px\" \/><\/a><\/figure>\n\n\n\n<p>In seiner kurzen Dankesrede ging Borschel auf die Anf\u00e4nge der GR\u00dcNEN in den 80-er Jahren des vorigen Jahrhunderts ein, mit den damaligen Kernthemen, welche die Gr\u00fcndungsv\u00e4ter und -m\u00fctter der GR\u00dcNEN bewegten, die in weiten Teilen heute noch G\u00fcltigkeit haben. Eine konsequente Umwelt- und Klimapolitik, u.a. wegen der Gefahren f\u00fcr den Wald, damals durch \u201esauren Regen\u201c, heute durch den Borkenk\u00e4ferbefall und die Anti-Atomkraft-Bewegung, damals wegen des Reaktorunfalls in Tschernobyl sowie ein forcierter Ausbau regenerativer Energien wie Windkraft. Der Zwang zur nuklearen Abr\u00fcstung bestimmte ebenso die Debatte, vor allem wegen der Stationierung der russischen SS 20- und amerikanischen Pershing-Raketen auf deutschem Boden, aber auch Themen wie \u201eGesunde Ern\u00e4hrung, Umbau der Landwirtschaft\u201c und Geschlechterparit\u00e4t. Borschel erinnerte an teilweise hitzige Debatten im Bundestag und in den Landtagen, als GR\u00dcNE, oft als \u201eAu\u00dfenseiter argw\u00f6hnisch be\u00e4ugt\u201c, erstmalig Mandate errangen und die damaligen \u201cetablierten Parteien\u201c kr\u00e4ftig verunsicherten, u.a. wegen ihres Auftretens, der neuen Debattenkultur und ihrer Kleidung.<\/p>\n\n\n\n<p>Die Ergebnisse bei den Wahlen auf nationaler Ebene waren in den 80-er und 90-er Jahren von einem stetigen \u201eAuf und Ab gepr\u00e4gt\u201c, was sich aktuell auch beim j\u00fcngsten hessischen Landtagswahlergebnis im Oktober 2023 zeigte. Nach diesen Ergebnissen, so der Geehrte,&nbsp; \u201cgilt es&nbsp; nicht mutlos und frustriert zu sein, sondern nach einer kritischen Aufarbeitung und Fehleranalyse positiv nach vorn zu schauen und sich den neuen Herausforderungen, jetzt als Opposition, zu stellen!\u201c.<\/p>\n\n\n\n<figure class=\"wp-block-image size-large\"><a class=\"fancybox\" rel=\"gallery3745\" href=\"http:\/\/gruene-lk-ks.de\/baunatal\/files\/2023\/11\/2023_KMV_Ehrung_Foto-2.jpg\"><img loading=\"lazy\" width=\"800\" height=\"600\" src=\"http:\/\/gruene-lk-ks.de\/baunatal\/files\/2023\/11\/2023_KMV_Ehrung_Foto-2-800x600.jpg\" alt=\"\" class=\"wp-image-3748\" srcset=\"http:\/\/gruene-lk-ks.de\/baunatal\/files\/2023\/11\/2023_KMV_Ehrung_Foto-2-800x600.jpg 800w, http:\/\/gruene-lk-ks.de\/baunatal\/files\/2023\/11\/2023_KMV_Ehrung_Foto-2-400x300.jpg 400w, http:\/\/gruene-lk-ks.de\/baunatal\/files\/2023\/11\/2023_KMV_Ehrung_Foto-2-768x576.jpg 768w, http:\/\/gruene-lk-ks.de\/baunatal\/files\/2023\/11\/2023_KMV_Ehrung_Foto-2-150x113.jpg 150w, http:\/\/gruene-lk-ks.de\/baunatal\/files\/2023\/11\/2023_KMV_Ehrung_Foto-2.jpg 1340w\" sizes=\"(max-width: 800px) 100vw, 800px\" \/><\/a><\/figure>\n\n\n\n<p>Borschel schlug dann den Bogen zur Kommunalpolitik und seinen Erfahrungen als kommunaler Mandatstr\u00e4ger. Er war einer der Gr\u00fcndungsv\u00e4ter des GR\u00dcNEN Ortsverbands in Vellmar im November 1982 (s. Foto) und dort auch als Stadtverordneter und Mitglied im Kreistag sowie im Kreisausschuss aktiv, bevor es ihn nach Baunatal verschlug, wo er seit 1997 Stadtverordneter und von 2009 bis Oktober 2023 Fraktionsvorsitzender war.&nbsp; Damals wie heute ist sein Ziel, b\u00fcrgernah, ansprechbar, nachvollziehbar und nachhaltig f\u00fcr die B\u00fcrger*innen zu wirken. \u201cBesonders in schwierigen Zeiten, bestimmt durch finanzielle Engp\u00e4sse im st\u00e4dtischen und im Kreishaushalt, aber teilweise auch wirklichkeitsfremde Entscheidungen in Bund und Land, erwarten Menschen von uns Kommunalpolitikern Zuverl\u00e4ssigkeit und Verst\u00e4ndnis f\u00fcr ihre Sorgen und unmittelbaren N\u00f6te vor Ort. Daf\u00fcr sind wir da, auch um L\u00f6sungsans\u00e4tze verst\u00e4ndlich zu vermitteln, da es oft nicht nur eine \u201erichtige Antwort gibt\u201c, wenn es komplexe Sachverhalte sind,\u201c so Edmund Borschel. Sorgen bereitet Borschel die&nbsp; Politikverdrossenheit in weiten Kreisen der Bev\u00f6lkerung, aber vor allem die Behandlung von Mandatstr\u00e4gern im Netz mit oft beleidigenden \u00c4u\u00dferungen, Hass und Hetze, h\u00e4ufig anonym. Hier m\u00f6chte er gegensteuern und mit seiner Arbeit ein positives Gegengewicht bilden und appelliert: \u201czeigt Mut, engagiert Euch ehrenamtlich, egal in welchem Bereich unseres Gemeinwesens. Es lohnt sich und beschert bisweilen sogar Freude und Zufriedenheit!\u201c<\/p>\n","protected":false},"excerpt":{"rendered":"<p>Im Rahmen einer Kreismitgliederversammlung in Baunatal erhielt Edmund (Ede) Borschel, aktuell stellvertretender Fraktionsvorsitzender in Baunatal und stellvertretender Kreistagsvorsitzender im Landkreis Kassel, eine bisher eher seltene Auszeichnung seiner Partei. Ihm wurde&#8230; <\/p>\n","protected":false},"author":20,"featured_media":3747,"comment_status":"closed","ping_status":"open","sticky":false,"template":"","format":"standard","meta":{"ngg_post_thumbnail":0},"categories":[1],"tags":[],"_links":{"self":[{"href":"http:\/\/gruene-lk-ks.de\/baunatal\/wp-json\/wp\/v2\/posts\/3745"}],"collection":[{"href":"http:\/\/gruene-lk-ks.de\/baunatal\/wp-json\/wp\/v2\/posts"}],"about":[{"href":"http:\/\/gruene-lk-ks.de\/baunatal\/wp-json\/wp\/v2\/types\/post"}],"author":[{"embeddable":true,"href":"http:\/\/gruene-lk-ks.de\/baunatal\/wp-json\/wp\/v2\/users\/20"}],"replies":[{"embeddable":true,"href":"http:\/\/gruene-lk-ks.de\/baunatal\/wp-json\/wp\/v2\/comments?post=3745"}],"version-history":[{"count":1,"href":"http:\/\/gruene-lk-ks.de\/baunatal\/wp-json\/wp\/v2\/posts\/3745\/revisions"}],"predecessor-version":[{"id":3749,"href":"http:\/\/gruene-lk-ks.de\/baunatal\/wp-json\/wp\/v2\/posts\/3745\/revisions\/3749"}],"wp:featuredmedia":[{"embeddable":true,"href":"http:\/\/gruene-lk-ks.de\/baunatal\/wp-json\/wp\/v2\/media\/3747"}],"wp:attachment":[{"href":"http:\/\/gruene-lk-ks.de\/baunatal\/wp-json\/wp\/v2\/media?parent=3745"}],"wp:term":[{"taxonomy":"category","embeddable":true,"href":"http:\/\/gruene-lk-ks.de\/baunatal\/wp-json\/wp\/v2\/categories?post=3745"},{"taxonomy":"post_tag","embeddable":true,"href":"http:\/\/gruene-lk-ks.de\/baunatal\/wp-json\/wp\/v2\/tags?post=3745"}],"curies":[{"name":"wp","href":"https:\/\/api.w.org\/{rel}","templated":true}]}}