{"id":3753,"date":"2023-12-04T13:03:43","date_gmt":"2023-12-04T11:03:43","guid":{"rendered":"http:\/\/gruene-lk-ks.de\/baunatal\/?p=3753"},"modified":"2023-12-04T13:03:44","modified_gmt":"2023-12-04T11:03:44","slug":"bericht-von-der-jahreshauptversammlung-der-gruenen-im-kreis-kassel","status":"publish","type":"post","link":"http:\/\/gruene-lk-ks.de\/baunatal\/bericht-von-der-jahreshauptversammlung-der-gruenen-im-kreis-kassel\/","title":{"rendered":"Bericht von der Jahreshauptversammlung der GR\u00dcNEN im Kreis Kassel"},"content":{"rendered":"\n<p>Die Vorstandssprecher*innen des Kreises Kassel-Land hatten f\u00fcr den 24.11.2023 zur Jahreshauptversammlung nach Zierenberg eingeladen. Etliche Mitglieder der GR\u00dcNEN, davon auch einige Baunataler Mitglieder, folgten dem Aufruf. Nachdem vor kurzem Edmund Borschel von den GR\u00dcNEN in Baunatal anl\u00e4sslich seiner 40 j\u00e4hrigen Mitgliedschaft geehrt wurde, kamen diesmal die langj\u00e4hrigen Mitglieder Andrea Sauer, 30 Jahre Mitglied und sehr aktiv als Schatzmeisterin im Vorstand der GR\u00dcNEN im Kreisverband, und Reinhard von Dalwig, 25 Jahre Mitglied und ebenfalls schon seit Jahrzehnten engagiert t\u00e4tig im OV Schauenburg, zum Zuge. Au\u00dferdem wurde Tobias Marczykowski als Kreisgesch\u00e4ftsf\u00fchrer mit gro\u00dfem Lob und Applaus verabschiedet. Er hat eine herausragende Arbeit f\u00fcr den Kreisverband geleistet. Neben den Rechenschaftsberichten des Vorstandes und der Schatzmeisterin, welche abgelegt wurden, nahm die Diskussion \u00fcber die Analysen zum Wahlausgang der Landtagswahl sowie die Einsch\u00e4tzungen zur Absage von Boris Rhein zu einer Fortf\u00fchrung der Koalition auf Landesebene einen breiten Raum ein. Letztendlich waren sich die Redner*innen einig darin, dass trotz des Verlustes der M\u00f6glichkeit, GR\u00dcNE Politik auf Regierungsebene umzusetzen, es auch aus der Opposition heraus Einflussm\u00f6glichkeiten gibt, GR\u00dcNE Themen wie Klima- und Umweltschutzpolitik, Umbau zu Erneuerbaren Energien und Nachhaltigkeit, Boden-, Tier- und Artenschutz in der Landwirtschaft,\u00a0 Migrationsfragen und Fragen der sozialen Gerechtigkeit, Chancengleichheit usw. hessenweit voranzutreiben und diese Themen auch im Hinblick auf den Europawahlkampf im kommenden Jahr positiv zu besetzen. Alle Anwesenden sind von der akuten Notwendigkeit des aktiven Handelns gegen die Krisen \u00fcberzeugt und blicken optimistisch nach vorne.<\/p>\n\n\n\n<figure class=\"wp-block-image size-large\"><a class=\"fancybox\" rel=\"gallery3753\" href=\"http:\/\/gruene-lk-ks.de\/baunatal\/files\/2023\/12\/IMG_0172-scaled.jpeg\"><img loading=\"lazy\" width=\"800\" height=\"600\" src=\"http:\/\/gruene-lk-ks.de\/baunatal\/files\/2023\/12\/IMG_0172-800x600.jpeg\" alt=\"\" class=\"wp-image-3754\" srcset=\"http:\/\/gruene-lk-ks.de\/baunatal\/files\/2023\/12\/IMG_0172-800x600.jpeg 800w, http:\/\/gruene-lk-ks.de\/baunatal\/files\/2023\/12\/IMG_0172-400x300.jpeg 400w, http:\/\/gruene-lk-ks.de\/baunatal\/files\/2023\/12\/IMG_0172-768x576.jpeg 768w, http:\/\/gruene-lk-ks.de\/baunatal\/files\/2023\/12\/IMG_0172-1536x1152.jpeg 1536w, http:\/\/gruene-lk-ks.de\/baunatal\/files\/2023\/12\/IMG_0172-2048x1536.jpeg 2048w, http:\/\/gruene-lk-ks.de\/baunatal\/files\/2023\/12\/IMG_0172-150x113.jpeg 150w\" sizes=\"(max-width: 800px) 100vw, 800px\" \/><\/a><figcaption><br><em>Andrea Sauer, Katja Sch\u00f6ne, Tobias Marczykowski und Juri St\u00f6lzner vom GR\u00dcNEN Kreisverband Kassel Land<\/em><\/figcaption><\/figure>\n\n\n\n<p><\/p>\n","protected":false},"excerpt":{"rendered":"<p>Die Vorstandssprecher*innen des Kreises Kassel-Land hatten f\u00fcr den 24.11.2023 zur Jahreshauptversammlung nach Zierenberg eingeladen. Etliche Mitglieder der GR\u00dcNEN, davon auch einige Baunataler Mitglieder, folgten dem Aufruf. Nachdem vor kurzem Edmund&#8230; <\/p>\n","protected":false},"author":23,"featured_media":3754,"comment_status":"closed","ping_status":"open","sticky":false,"template":"","format":"standard","meta":{"ngg_post_thumbnail":0},"categories":[1,7100],"tags":[],"_links":{"self":[{"href":"http:\/\/gruene-lk-ks.de\/baunatal\/wp-json\/wp\/v2\/posts\/3753"}],"collection":[{"href":"http:\/\/gruene-lk-ks.de\/baunatal\/wp-json\/wp\/v2\/posts"}],"about":[{"href":"http:\/\/gruene-lk-ks.de\/baunatal\/wp-json\/wp\/v2\/types\/post"}],"author":[{"embeddable":true,"href":"http:\/\/gruene-lk-ks.de\/baunatal\/wp-json\/wp\/v2\/users\/23"}],"replies":[{"embeddable":true,"href":"http:\/\/gruene-lk-ks.de\/baunatal\/wp-json\/wp\/v2\/comments?post=3753"}],"version-history":[{"count":1,"href":"http:\/\/gruene-lk-ks.de\/baunatal\/wp-json\/wp\/v2\/posts\/3753\/revisions"}],"predecessor-version":[{"id":3755,"href":"http:\/\/gruene-lk-ks.de\/baunatal\/wp-json\/wp\/v2\/posts\/3753\/revisions\/3755"}],"wp:featuredmedia":[{"embeddable":true,"href":"http:\/\/gruene-lk-ks.de\/baunatal\/wp-json\/wp\/v2\/media\/3754"}],"wp:attachment":[{"href":"http:\/\/gruene-lk-ks.de\/baunatal\/wp-json\/wp\/v2\/media?parent=3753"}],"wp:term":[{"taxonomy":"category","embeddable":true,"href":"http:\/\/gruene-lk-ks.de\/baunatal\/wp-json\/wp\/v2\/categories?post=3753"},{"taxonomy":"post_tag","embeddable":true,"href":"http:\/\/gruene-lk-ks.de\/baunatal\/wp-json\/wp\/v2\/tags?post=3753"}],"curies":[{"name":"wp","href":"https:\/\/api.w.org\/{rel}","templated":true}]}}