{"id":3789,"date":"2024-03-13T13:10:43","date_gmt":"2024-03-13T11:10:43","guid":{"rendered":"http:\/\/gruene-lk-ks.de\/baunatal\/?p=3789"},"modified":"2024-03-13T13:11:09","modified_gmt":"2024-03-13T11:11:09","slug":"erfolgreiche-infoveranstaltung-zu-waermepumpen","status":"publish","type":"post","link":"http:\/\/gruene-lk-ks.de\/baunatal\/erfolgreiche-infoveranstaltung-zu-waermepumpen\/","title":{"rendered":"Erfolgreiche Infoveranstaltung zu W\u00e4rmepumpen"},"content":{"rendered":"\n<p>Die GR\u00dcNEN Baunatal luden Ende Februar 2024 zu einer&nbsp; B\u00fcrgerinformationsveranstaltung im Hessischen Hof in Gro\u00dfenritte ein, gut besucht mit 70 G\u00e4sten und fundiert vorbereitet von der Gr\u00fcnen-Arbeitsgruppe-Energie.<\/p>\n\n\n\n<p>Nach der Begr\u00fc\u00dfung durch Gerhild Tuchan, Sprecherin des GR\u00dcNEN Ortsverbands, f\u00fchrte der Referent des Abends Dipl. Ing. Sven Kersten vom Bundesverband W\u00e4rmepumpen e.V.&nbsp; in einer einst\u00fcndigen Pr\u00e4sentation praxisnah ins Thema ein. Sein Vortrag konnte die Komplexit\u00e4t des Themas abdecken, Zahlen und Fakten benennen und einige Mythen und Verunsicherungen, die sich um die W\u00e4rmepumpe (WP) ranken, sachlich fundiert ausr\u00e4umen.<\/p>\n\n\n\n<p>Leider ist der W\u00e4rmepumpen-Absatz noch gering (lediglich 360.000 in 2023) trotz der F\u00f6rderquote von bis zu 70 %, was eine hohe Wirtschaftlichkeit bedeutet. Bei Neubauten (mit 65% EE) ist der Einsatz wesentlich effizienter, im Geb\u00e4udebestand bedarf es einer Einzelfallpr\u00fcfung. Gesetzesvorgaben nach dem neuen GEG geben bis 2045 Spielraum, Gas- und \u00d6lheizungen auf 65% EE umzur\u00fcsten. Ebenso sind intelligente Stromz\u00e4hler mit netzabh\u00e4ngiger Steuerung die Zukunft. Technisch wurde es, als Sven Kersten die Funktionsweise der WP (K\u00e4ltemittel R 290 mit Vorlauftemperaturen bis 75 \u00b0C) erl\u00e4uterte und die&nbsp; m\u00f6glichen W\u00e4rmequellen (Erde, Luft und Wasser). Hydraulik und Einstellung der vorhandenen Heizungsanlage ist f\u00fcr die Wirtschaftlichkeit (Jahresarbeitszahl) ebenso wichtig wie das Beachten des Schallschutzes (nach TA-L\u00e4rm). Letztlich k\u00f6nnen PV-Anlagen mit Stromspeicher weitere&nbsp; wichtige und hilfreiche Bausteine sein. Beim BWP gibt es Leitfaden, Ratgeber und Planungstools<\/p>\n\n\n\n<p>Fazit von Herrn Kersten: \u201eKeine Angst vor W\u00e4rmepumpen!\u201c<\/p>\n\n\n\n<p>Nach dem Vortrag wurden viele Fragen aus dem Publikum beantwortet, was auf gro\u00dfes Interesse der BesucherInnen deutet. Die Veranstaltung zeigte ebenfalls, wie wichtig Informationen und Alternativen f\u00fcr Gas- und \u00d6lheizungen sind, um die gesteckten Klimaziele zu erreichen.<\/p>\n\n\n\n<p>Der Gr\u00fcne-Ortsverband dankt der AG-Energie mit Bernd Eichel als Organisator f\u00fcr die gelungene Veranstaltung. Vortragsfolien des Abends k\u00f6nnen bei ihm unter mail: elbe.eichel@t-online.de\u00a0 angefordert werden.<\/p>\n\n\n\n<figure class=\"wp-block-image size-large\"><a class=\"fancybox\" rel=\"gallery3789\" href=\"http:\/\/gruene-lk-ks.de\/baunatal\/files\/2024\/03\/2024_PM-2_Foto-1.jpg\"><img loading=\"lazy\" width=\"800\" height=\"450\" src=\"http:\/\/gruene-lk-ks.de\/baunatal\/files\/2024\/03\/2024_PM-2_Foto-1-800x450.jpg\" alt=\"\" class=\"wp-image-3791\" srcset=\"http:\/\/gruene-lk-ks.de\/baunatal\/files\/2024\/03\/2024_PM-2_Foto-1-800x450.jpg 800w, http:\/\/gruene-lk-ks.de\/baunatal\/files\/2024\/03\/2024_PM-2_Foto-1-400x225.jpg 400w, http:\/\/gruene-lk-ks.de\/baunatal\/files\/2024\/03\/2024_PM-2_Foto-1-768x432.jpg 768w, http:\/\/gruene-lk-ks.de\/baunatal\/files\/2024\/03\/2024_PM-2_Foto-1-1536x865.jpg 1536w, http:\/\/gruene-lk-ks.de\/baunatal\/files\/2024\/03\/2024_PM-2_Foto-1-2048x1153.jpg 2048w, http:\/\/gruene-lk-ks.de\/baunatal\/files\/2024\/03\/2024_PM-2_Foto-1-150x84.jpg 150w\" sizes=\"(max-width: 800px) 100vw, 800px\" \/><\/a><figcaption>Sven Kersten informiert unterhaltsam und fachlich<\/figcaption><\/figure>\n","protected":false},"excerpt":{"rendered":"<p>Die GR\u00dcNEN Baunatal luden Ende Februar 2024 zu einer&nbsp; B\u00fcrgerinformationsveranstaltung im Hessischen Hof in Gro\u00dfenritte ein, gut besucht mit 70 G\u00e4sten und fundiert vorbereitet von der Gr\u00fcnen-Arbeitsgruppe-Energie. Nach der Begr\u00fc\u00dfung&#8230; <\/p>\n","protected":false},"author":23,"featured_media":3790,"comment_status":"closed","ping_status":"open","sticky":false,"template":"","format":"standard","meta":{"ngg_post_thumbnail":0},"categories":[1,7100],"tags":[],"_links":{"self":[{"href":"http:\/\/gruene-lk-ks.de\/baunatal\/wp-json\/wp\/v2\/posts\/3789"}],"collection":[{"href":"http:\/\/gruene-lk-ks.de\/baunatal\/wp-json\/wp\/v2\/posts"}],"about":[{"href":"http:\/\/gruene-lk-ks.de\/baunatal\/wp-json\/wp\/v2\/types\/post"}],"author":[{"embeddable":true,"href":"http:\/\/gruene-lk-ks.de\/baunatal\/wp-json\/wp\/v2\/users\/23"}],"replies":[{"embeddable":true,"href":"http:\/\/gruene-lk-ks.de\/baunatal\/wp-json\/wp\/v2\/comments?post=3789"}],"version-history":[{"count":2,"href":"http:\/\/gruene-lk-ks.de\/baunatal\/wp-json\/wp\/v2\/posts\/3789\/revisions"}],"predecessor-version":[{"id":3793,"href":"http:\/\/gruene-lk-ks.de\/baunatal\/wp-json\/wp\/v2\/posts\/3789\/revisions\/3793"}],"wp:featuredmedia":[{"embeddable":true,"href":"http:\/\/gruene-lk-ks.de\/baunatal\/wp-json\/wp\/v2\/media\/3790"}],"wp:attachment":[{"href":"http:\/\/gruene-lk-ks.de\/baunatal\/wp-json\/wp\/v2\/media?parent=3789"}],"wp:term":[{"taxonomy":"category","embeddable":true,"href":"http:\/\/gruene-lk-ks.de\/baunatal\/wp-json\/wp\/v2\/categories?post=3789"},{"taxonomy":"post_tag","embeddable":true,"href":"http:\/\/gruene-lk-ks.de\/baunatal\/wp-json\/wp\/v2\/tags?post=3789"}],"curies":[{"name":"wp","href":"https:\/\/api.w.org\/{rel}","templated":true}]}}