{"id":3802,"date":"2024-04-29T22:39:39","date_gmt":"2024-04-29T20:39:39","guid":{"rendered":"http:\/\/gruene-lk-ks.de\/baunatal\/?p=3802"},"modified":"2024-04-29T22:39:41","modified_gmt":"2024-04-29T20:39:41","slug":"gruene-baunatal-besuchen-kreismitgliederversammlung","status":"publish","type":"post","link":"http:\/\/gruene-lk-ks.de\/baunatal\/gruene-baunatal-besuchen-kreismitgliederversammlung\/","title":{"rendered":"GR\u00dcNE Baunatal besuchen Kreismitgliederversammlung"},"content":{"rendered":"\n<p>Der GR\u00dcNE Kreisverband Kassel-Land lud Mitte M\u00e4rz 2024 zur Kreismitgliederversammlung nach Fuldabr\u00fcck-Bergshausen ein und unter den etwa 30 Mitgliedern und G\u00e4sten waren neben unserem GR\u00dcNEN Landtagsabgeordneten im Wahlkreis Kassel 1, Sascha Meier (Breuna) auch der Kasseler Bundestagsabgeordnete Boris Mijatovic. Unser Ortsverband war stark vertreten mit Baunataler GR\u00dcNEN Mandatstr\u00e4gern aus dem Kreistag, Monika Woizeschke-Br\u00fcck, Thomas Gudehus und Edmund Borschel, sowie Marcel Suttner, Lothar Rost und Kerstin Irrlitz-J\u00fcrgens vom Vorstand.&nbsp;<\/p>\n\n\n\n<p>Nach einer kurzen Begr\u00fc\u00dfung durch Katja Sch\u00f6ne und Juri St\u00f6lzner (Kreisvorstandssprecher:innen) sowie Berichten aus Kreisvorstand und Kreistagsfraktion durch Thomas Gudehus und unseren hauptamtlichen 2. Kreisbeigeordneten Thomas Ackermann stand zun\u00e4chst der Bundestagsabgeordnete Boris Mijatovic (Kassel) den Anwesenden Rede und Antwort. Er beschrieb eindr\u00fccklich die schwierige aktuelle politische Situation in Gaza und die dortige menschliche Trag\u00f6die, sowohl der israelischen Geiseln und der Zivilbev\u00f6lkerung wegen der Bombardierung. Ganz aktuell konnte er berichten von den ersten Lebensmittelfl\u00fcgen f\u00fcr die notleidende Bev\u00f6lkerung in den betroffenen Gebieten. Weiteres Thema war der langanhaltende m\u00f6rderische Krieg in der Ukraine, nach dem v\u00f6lkerrechtswidrigen \u00dcberfall befohlen durch Putin, ausgef\u00fchrt durch seine russische Armee. Kritisch wurde die Frage der z\u00f6gerlichen Waffenlieferungen in der Versammlung diskutiert, besonders die Frage \u201eTaurus-Lieferung durch Deutschland: notwendig oder risikobehaftet?\u201c<\/p>\n\n\n\n<p>Im Anschluss konnte unser MdL Sascha Meier nach der f\u00fcr ihn pers\u00f6nlich erfolgreichen Landtagswahl einige Erfahrungen aus den ersten Wochen in Wiesbaden beisteuern. Inzwischen hat nach seiner Einsch\u00e4tzung die GR\u00dcNE Landtagsfraktion ihre neue Rolle in der Opposition gut angenommen, begleitet die neue Landesregierung kritisch u. a. mit Anfragen zum Naturschutzgesetz. Dagegen l\u00e4uft der Start f\u00fcr Schwarz-Rot noch etwas holprig. Vorbereitet wurden alle GR\u00dcNEN Ortsverb\u00e4nde auf den bevorstehenden\u00a0 EUROPA-Wahlkampf.\u00a0 Hier entscheiden wir nicht nur \u00fcber eine gemeinsame positive wirtschaftliche Zukunft unseres Kontinents in Frieden und Sicherheit, sondern auch \u00fcber Abwehr populistischer und spalterischer Tendenzen im In- und Ausland. In Baunatal werden wir wieder mit Wahlst\u00e4nden im Mai und Aktionen in den kommenden Wochen aktiv sein, mit einem besonderen Fokus, der die geplante Siedlungspolitik vor Ort betrifft, mit all seinen negativen Auswirkungen u.a. auf Klima, Landwirtschaft, Bodenversiegelung. und Verkehr. Parallel l\u00e4uft auch noch der B\u00fcrgermeisterwahlkampf, der diesmal einen spannenden Ausgang verspricht. Alles ist diesmal m\u00f6glich! Mehr dazu in der kommenden Woche.<\/p>\n\n\n\n<figure class=\"wp-block-image size-large\"><a class=\"fancybox\" rel=\"gallery3802\" href=\"http:\/\/gruene-lk-ks.de\/baunatal\/files\/2024\/04\/20240315_205940-scaled.jpg\"><img loading=\"lazy\" width=\"800\" height=\"600\" src=\"http:\/\/gruene-lk-ks.de\/baunatal\/files\/2024\/04\/20240315_205940-800x600.jpg\" alt=\"\" class=\"wp-image-3803\" srcset=\"http:\/\/gruene-lk-ks.de\/baunatal\/files\/2024\/04\/20240315_205940-800x600.jpg 800w, http:\/\/gruene-lk-ks.de\/baunatal\/files\/2024\/04\/20240315_205940-400x300.jpg 400w, http:\/\/gruene-lk-ks.de\/baunatal\/files\/2024\/04\/20240315_205940-768x576.jpg 768w, http:\/\/gruene-lk-ks.de\/baunatal\/files\/2024\/04\/20240315_205940-1536x1152.jpg 1536w, http:\/\/gruene-lk-ks.de\/baunatal\/files\/2024\/04\/20240315_205940-2048x1536.jpg 2048w, http:\/\/gruene-lk-ks.de\/baunatal\/files\/2024\/04\/20240315_205940-150x113.jpg 150w\" sizes=\"(max-width: 800px) 100vw, 800px\" \/><\/a><figcaption>MdL Sascha Meier (3.v.l.) im Kreise Baunataler GR\u00dcNER: \u201eWir stehen in Kontakt!\u201c<\/figcaption><\/figure>\n","protected":false},"excerpt":{"rendered":"<p>Der GR\u00dcNE Kreisverband Kassel-Land lud Mitte M\u00e4rz 2024 zur Kreismitgliederversammlung nach Fuldabr\u00fcck-Bergshausen ein und unter den etwa 30 Mitgliedern und G\u00e4sten waren neben unserem GR\u00dcNEN Landtagsabgeordneten im Wahlkreis Kassel 1,&#8230; <\/p>\n","protected":false},"author":23,"featured_media":3803,"comment_status":"closed","ping_status":"open","sticky":false,"template":"","format":"standard","meta":{"ngg_post_thumbnail":0},"categories":[1,7113],"tags":[],"_links":{"self":[{"href":"http:\/\/gruene-lk-ks.de\/baunatal\/wp-json\/wp\/v2\/posts\/3802"}],"collection":[{"href":"http:\/\/gruene-lk-ks.de\/baunatal\/wp-json\/wp\/v2\/posts"}],"about":[{"href":"http:\/\/gruene-lk-ks.de\/baunatal\/wp-json\/wp\/v2\/types\/post"}],"author":[{"embeddable":true,"href":"http:\/\/gruene-lk-ks.de\/baunatal\/wp-json\/wp\/v2\/users\/23"}],"replies":[{"embeddable":true,"href":"http:\/\/gruene-lk-ks.de\/baunatal\/wp-json\/wp\/v2\/comments?post=3802"}],"version-history":[{"count":1,"href":"http:\/\/gruene-lk-ks.de\/baunatal\/wp-json\/wp\/v2\/posts\/3802\/revisions"}],"predecessor-version":[{"id":3804,"href":"http:\/\/gruene-lk-ks.de\/baunatal\/wp-json\/wp\/v2\/posts\/3802\/revisions\/3804"}],"wp:featuredmedia":[{"embeddable":true,"href":"http:\/\/gruene-lk-ks.de\/baunatal\/wp-json\/wp\/v2\/media\/3803"}],"wp:attachment":[{"href":"http:\/\/gruene-lk-ks.de\/baunatal\/wp-json\/wp\/v2\/media?parent=3802"}],"wp:term":[{"taxonomy":"category","embeddable":true,"href":"http:\/\/gruene-lk-ks.de\/baunatal\/wp-json\/wp\/v2\/categories?post=3802"},{"taxonomy":"post_tag","embeddable":true,"href":"http:\/\/gruene-lk-ks.de\/baunatal\/wp-json\/wp\/v2\/tags?post=3802"}],"curies":[{"name":"wp","href":"https:\/\/api.w.org\/{rel}","templated":true}]}}