{"id":3806,"date":"2024-05-13T22:06:00","date_gmt":"2024-05-13T20:06:00","guid":{"rendered":"http:\/\/gruene-lk-ks.de\/baunatal\/?p=3806"},"modified":"2024-05-12T11:29:38","modified_gmt":"2024-05-12T09:29:38","slug":"die-gruenen-zu-neubaugebiet-grossenritte-nord","status":"publish","type":"post","link":"http:\/\/gruene-lk-ks.de\/baunatal\/die-gruenen-zu-neubaugebiet-grossenritte-nord\/","title":{"rendered":"Die GR\u00dcNEN zu \u201eNeubaugebiet Gro\u00dfenritte Nord\u201c"},"content":{"rendered":"\n<p>In unserer letzten Fraktionssitzung blickten wir zur\u00fcck auf die sehr gut besuchte&nbsp; Stadtverordnetensitzung (STAVO) vom 06.05.2024, was wir ausdr\u00fccklich begr\u00fc\u00dfen.<\/p>\n\n\n\n<p>Unsere Fraktion hatte in der STAVO einen Antrag gestellt, <strong>die Planung zum \u201eNeubaugebiet Gro\u00dfenritte Nord\u201c nicht weiter zu verfolgen<\/strong>. Dieser Antrag fand leider keine Mehrheit. Ein gemeinsamer Antrag der SPD- und CDU-Fraktion als konkurrierender Antrag zu unserem Hauptantrag wurde dagegen mit Stimmen von SPD und CDU angenommen. <strong>Der konkurrierende Antrag vermied allerdings eine klare Aussage bzw. Absage zum Neubaugebiet<\/strong>. Nach SPD und CDU soll stattdessen weiter gepr\u00fcft werden, was wir schon seit 4 Jahren machen.<\/p>\n\n\n\n<p>Nach dem \u201eWohnraumentwicklungskonzept\u201c der UNI-Kassel wird bis 2024 von eher nur zus\u00e4tzlichen 400 Einwohnern ausgegangen.<\/p>\n\n\n\n<p>Dabei wird von einem ungewissen Szenarium im Zuge der Zuwanderung, sinkender Geburtenraten, zunehmender \u00dcberalterung und Arbeitsplatzeinbu\u00dfen durch den Strukturwandel bei VW ausgegangen.<\/p>\n\n\n\n<p>Baunatal hat noch ein Fl\u00e4chenpotential (geplante Bebauungen \/ Baul\u00fccken \/ Fl\u00e4chen in 4 Stadtteilen) in der Innenentwicklung f\u00fcr bis zu 1.900 Einwohner. <strong>Das neue \u201eBaugebiet Gro\u00dfenritte Nord\u201c ist daher f\u00fcr die Entwicklung von Baunatal <u>nicht<\/u> notwendig. Wir GR\u00dcNE sind deshalb als einzige Fraktion einheitlich gegen das neue Baugebiet von 23 ha auf wertvollen landwirtschaftlichen Fl\u00e4chen aus \u00f6kologischen, klimatischen und wirtschaftlichen Gr\u00fcnden.<\/strong><\/p>\n\n\n\n<p>In den Diskussionen wurde von SPD und CDU angef\u00fchrt, dass wir zur Zeit gerade erst pr\u00fcfen, und es g\u00e4be keine Planung zum \u201eNeubaugebiet Gro\u00dfenritte Nord\u201c und auch keinen m\u00f6glichen Investor, au\u00dferdem wurden nie 23 ha erw\u00e4hnt.<\/p>\n\n\n\n<p>In der BN vom 24.04.24, Ausgabe 17, S. 4, informierte die Stadt: \u201eDie STAVO hat im Februar 2023 eine st\u00e4dtebauliche Absichtserkl\u00e4rung \u00fcber eine Siedlungsentwicklung n\u00f6rdlich von Gro\u00dfenritte mit der deuhab beschlossen\u201c. Im Bericht der STAVO vom 27.02.2023 (BN vom 08.03.23, S. 3) steht ebenso: \u201eKonkret geht es um die Errichtung eines ca. 23 Hektar gro\u00dfen Neubaugebietes n\u00f6rdlich von Gro\u00dfenritte.\u201c Damit handelt es sich ein Jahr sp\u00e4ter offensichtlich um bewusste und gezielte Falschmeldungen der beiden Gro\u00df-Koalition\u00e4re in der STAVO. Es zeigt sich dabei auch, dass die Absage der Landwirte an einen Verkauf der Fl\u00e4chen und die konsequente, nachhaltige Arbeit der BI Wirkung zeigt.<\/p>\n","protected":false},"excerpt":{"rendered":"<p>In unserer letzten Fraktionssitzung blickten wir zur\u00fcck auf die sehr gut besuchte&nbsp; Stadtverordnetensitzung (STAVO) vom 06.05.2024, was wir ausdr\u00fccklich begr\u00fc\u00dfen. Unsere Fraktion hatte in der STAVO einen Antrag gestellt, die&#8230; <\/p>\n","protected":false},"author":23,"featured_media":3807,"comment_status":"closed","ping_status":"open","sticky":false,"template":"","format":"standard","meta":{"ngg_post_thumbnail":0},"categories":[1,7114],"tags":[],"_links":{"self":[{"href":"http:\/\/gruene-lk-ks.de\/baunatal\/wp-json\/wp\/v2\/posts\/3806"}],"collection":[{"href":"http:\/\/gruene-lk-ks.de\/baunatal\/wp-json\/wp\/v2\/posts"}],"about":[{"href":"http:\/\/gruene-lk-ks.de\/baunatal\/wp-json\/wp\/v2\/types\/post"}],"author":[{"embeddable":true,"href":"http:\/\/gruene-lk-ks.de\/baunatal\/wp-json\/wp\/v2\/users\/23"}],"replies":[{"embeddable":true,"href":"http:\/\/gruene-lk-ks.de\/baunatal\/wp-json\/wp\/v2\/comments?post=3806"}],"version-history":[{"count":1,"href":"http:\/\/gruene-lk-ks.de\/baunatal\/wp-json\/wp\/v2\/posts\/3806\/revisions"}],"predecessor-version":[{"id":3808,"href":"http:\/\/gruene-lk-ks.de\/baunatal\/wp-json\/wp\/v2\/posts\/3806\/revisions\/3808"}],"wp:featuredmedia":[{"embeddable":true,"href":"http:\/\/gruene-lk-ks.de\/baunatal\/wp-json\/wp\/v2\/media\/3807"}],"wp:attachment":[{"href":"http:\/\/gruene-lk-ks.de\/baunatal\/wp-json\/wp\/v2\/media?parent=3806"}],"wp:term":[{"taxonomy":"category","embeddable":true,"href":"http:\/\/gruene-lk-ks.de\/baunatal\/wp-json\/wp\/v2\/categories?post=3806"},{"taxonomy":"post_tag","embeddable":true,"href":"http:\/\/gruene-lk-ks.de\/baunatal\/wp-json\/wp\/v2\/tags?post=3806"}],"curies":[{"name":"wp","href":"https:\/\/api.w.org\/{rel}","templated":true}]}}