{"id":3818,"date":"2024-05-31T22:42:20","date_gmt":"2024-05-31T20:42:20","guid":{"rendered":"http:\/\/gruene-lk-ks.de\/baunatal\/?p=3818"},"modified":"2024-05-31T22:43:17","modified_gmt":"2024-05-31T20:43:17","slug":"europawahl","status":"publish","type":"post","link":"http:\/\/gruene-lk-ks.de\/baunatal\/europawahl\/","title":{"rendered":"Europawahl"},"content":{"rendered":"\n<p>Zum Wahlkampfh\u00f6hepunkt fand am 27.05.2024 im Ahoi-Biergarten an der Fulda in Kassel eine Veranstaltung mit der GR\u00dcNEN-Spitzenkandidatin Terry Reintke, Parteichef Omid Nouripour und Vizekanzler Robert Habeck statt, an der auch unsere GR\u00dcNEN-Stadtverordneten Monika Woizeschke-Br\u00fcck und Lothar Rost aus Baunatal teilnahmen.<\/p>\n\n\n\n<p>Unter dem Motto \u201eMachen, was z\u00e4hlt\u201c wurde kurz vor der Europawahl f\u00fcr Freiheit und Demokratie in Europa aufgerufen:<\/p>\n\n\n\n<p>Nur ein gutes GR\u00dcNES Ergebnis kann den Rechtsruck stoppen \u2013 so die einhellige Meinung der G\u00e4ste: Wohlstand, Frieden und Freiheit geh\u00f6ren zusammen; dieser Dreiklang ist Voraussetzung f\u00fcr die Umsetzung einer zukunftsorientierten Europapolitik.<\/p>\n\n\n\n<p>Wir m\u00fcssen den EU-Binnenmarkt st\u00e4rken, energieautark werden und die \u00f6kologische Wende weiter verfolgen: Daf\u00fcr brauchen wir kein Europa der Vaterl\u00e4nder.<\/p>\n\n\n\n<p>Die Wahlprogramme der rechten Parteien weisen den Weg in die Vergangenheit \u2013 ein fataler Irrtum, der in Stillstand und R\u00fcckschritt endet.<\/p>\n\n\n\n<p>Es kommt jetzt darauf an: Wir sollten von unserem Wahlrecht Gebrauch machen, und uns das Grundrecht erhalten, frei und fair w\u00e4hlen zu k\u00f6nnen.<\/p>\n\n\n\n<p>Die GR\u00dcNEN-Baunatal rufen alle W\u00e4hler und W\u00e4hlerinnen auf: \u201eGehen Sie w\u00e4hlen\u201c.<\/p>\n\n\n\n<figure class=\"wp-block-image size-large\"><a class=\"fancybox\" rel=\"gallery3818\" href=\"http:\/\/gruene-lk-ks.de\/baunatal\/files\/2024\/05\/5E511510-rotated.jpeg\"><img loading=\"lazy\" width=\"480\" height=\"640\" src=\"http:\/\/gruene-lk-ks.de\/baunatal\/files\/2024\/05\/5E511510-rotated.jpeg\" alt=\"\" class=\"wp-image-3819\" srcset=\"http:\/\/gruene-lk-ks.de\/baunatal\/files\/2024\/05\/5E511510-rotated.jpeg 480w, http:\/\/gruene-lk-ks.de\/baunatal\/files\/2024\/05\/5E511510-400x533.jpeg 400w, http:\/\/gruene-lk-ks.de\/baunatal\/files\/2024\/05\/5E511510-113x150.jpeg 113w\" sizes=\"(max-width: 480px) 100vw, 480px\" \/><\/a><figcaption>Vom Ahoi-Gel\u00e4nde mit Robert Habeck<\/figcaption><\/figure>\n\n\n\n<figure class=\"wp-block-image size-large\"><a class=\"fancybox\" rel=\"gallery3818\" href=\"http:\/\/gruene-lk-ks.de\/baunatal\/files\/2024\/05\/271271D1.jpeg\"><img loading=\"lazy\" width=\"640\" height=\"480\" src=\"http:\/\/gruene-lk-ks.de\/baunatal\/files\/2024\/05\/271271D1.jpeg\" alt=\"\" class=\"wp-image-3820\" srcset=\"http:\/\/gruene-lk-ks.de\/baunatal\/files\/2024\/05\/271271D1.jpeg 640w, http:\/\/gruene-lk-ks.de\/baunatal\/files\/2024\/05\/271271D1-400x300.jpeg 400w, http:\/\/gruene-lk-ks.de\/baunatal\/files\/2024\/05\/271271D1-150x113.jpeg 150w\" sizes=\"(max-width: 640px) 100vw, 640px\" \/><\/a><figcaption>Vom Wahlstand der GR\u00dcNEN-Baunatal mit dem Landtagsabgeordneten Sascha Meier<\/figcaption><\/figure>\n","protected":false},"excerpt":{"rendered":"<p>Zum Wahlkampfh\u00f6hepunkt fand am 27.05.2024 im Ahoi-Biergarten an der Fulda in Kassel eine Veranstaltung mit der GR\u00dcNEN-Spitzenkandidatin Terry Reintke, Parteichef Omid Nouripour und Vizekanzler Robert Habeck statt, an der auch&#8230; <\/p>\n","protected":false},"author":23,"featured_media":3820,"comment_status":"closed","ping_status":"open","sticky":false,"template":"","format":"standard","meta":{"ngg_post_thumbnail":0},"categories":[1,7130,7113],"tags":[],"_links":{"self":[{"href":"http:\/\/gruene-lk-ks.de\/baunatal\/wp-json\/wp\/v2\/posts\/3818"}],"collection":[{"href":"http:\/\/gruene-lk-ks.de\/baunatal\/wp-json\/wp\/v2\/posts"}],"about":[{"href":"http:\/\/gruene-lk-ks.de\/baunatal\/wp-json\/wp\/v2\/types\/post"}],"author":[{"embeddable":true,"href":"http:\/\/gruene-lk-ks.de\/baunatal\/wp-json\/wp\/v2\/users\/23"}],"replies":[{"embeddable":true,"href":"http:\/\/gruene-lk-ks.de\/baunatal\/wp-json\/wp\/v2\/comments?post=3818"}],"version-history":[{"count":2,"href":"http:\/\/gruene-lk-ks.de\/baunatal\/wp-json\/wp\/v2\/posts\/3818\/revisions"}],"predecessor-version":[{"id":3823,"href":"http:\/\/gruene-lk-ks.de\/baunatal\/wp-json\/wp\/v2\/posts\/3818\/revisions\/3823"}],"wp:featuredmedia":[{"embeddable":true,"href":"http:\/\/gruene-lk-ks.de\/baunatal\/wp-json\/wp\/v2\/media\/3820"}],"wp:attachment":[{"href":"http:\/\/gruene-lk-ks.de\/baunatal\/wp-json\/wp\/v2\/media?parent=3818"}],"wp:term":[{"taxonomy":"category","embeddable":true,"href":"http:\/\/gruene-lk-ks.de\/baunatal\/wp-json\/wp\/v2\/categories?post=3818"},{"taxonomy":"post_tag","embeddable":true,"href":"http:\/\/gruene-lk-ks.de\/baunatal\/wp-json\/wp\/v2\/tags?post=3818"}],"curies":[{"name":"wp","href":"https:\/\/api.w.org\/{rel}","templated":true}]}}