{"id":3825,"date":"2024-06-13T14:01:14","date_gmt":"2024-06-13T12:01:14","guid":{"rendered":"http:\/\/gruene-lk-ks.de\/baunatal\/?p=3825"},"modified":"2024-06-13T14:02:26","modified_gmt":"2024-06-13T12:02:26","slug":"optimistische-wahlparty-mit-henry-richter-im-ambassador","status":"publish","type":"post","link":"http:\/\/gruene-lk-ks.de\/baunatal\/optimistische-wahlparty-mit-henry-richter-im-ambassador\/","title":{"rendered":"Optimistische Wahlparty mit Henry Richter im Ambassador"},"content":{"rendered":"\n<p>Henry Richter hat sich sehr gefreut, dass seiner \u00f6ffentlichen Einladung zu einer Wahlparty am 9. Juni im Foyer des Hotels Ambassador zahlreiche Baunatalerinnen und Baunataler und auch die Presse gefolgt sind.<\/p>\n\n\n\n<p><strong>Unter den G\u00e4sten waren auch mehrere gr\u00fcne Mitglieder. Der Ortsverband hatte eine Wahlempfehlung f\u00fcr Henry Richter ausgesprochen<\/strong>.<\/p>\n\n\n\n<p>Bei k\u00fchlen Getr\u00e4nken konnten wir die Live-\u00dcbertragung der Ergebnisse der B\u00fcrgermeisterwahl verfolgen. Als feststand, dass Henry mit beachtlichen 44,57 % (Daniel Jung erhielt 47,55%, Gerhild Tuchan 7,88% der W\u00e4hlerstimmen) die Stichwahl erreicht hat, brach Jubel aus und Henry wurde wie ein Etappen-Sieger gefeiert.<\/p>\n\n\n\n<p>In einer kleinen Ansprache hat Henry verdeutlicht, dass es heute noch keinen Sieger im Sinne eines neuen B\u00fcrgermeisters gibt und vor uns drei Wochen liegen, in denen wir mit viel Energie und Motivation alles in die Waagschale werfen m\u00fcssen, um den Wechsel herbeizuf\u00fchren.<\/p>\n\n\n\n<p>Mit einem herzlichen Dank an Carsten Eck f\u00fcr die Bereitstellung der Location und an alle Mitstreiterinnen und Mitstreiter, die mit Henry gemeinsam DAS RICHTIGE TUN und ihre gesamte Kraft f\u00fcr dieses Ziel weiter einsetzen, haben wir bei guter Stimmung auf den beachtlichen Zwischenerfolg angesto\u00dfen.&nbsp;&nbsp;&nbsp;&nbsp;&nbsp;<\/p>\n\n\n\n<p><strong>Stichwahl am 30. Juni:<\/strong><\/p>\n\n\n\n<p><strong>GR\u00dcNE sehen Zeit f\u00fcr einen Wechsel an der Rathausspitze<\/strong><\/p>\n\n\n\n<p>In der letzten Fraktionssitzung der GR\u00dcNEN-Stadtverordnetenfraktion erfolgte eine <strong>Analyse der B\u00fcrgermeisterwahl<\/strong> vom 9. Juni.<\/p>\n\n\n\n<p>Das erste Mal in der Geschichte Baunatals gibt es eine Stichwahl. Da Henry Richter im 1. Wahlgang 44,57% der Stimmen erzielte, sieht die Fraktion eine realistische Chance, einen Wechsel zu erreichen.<\/p>\n\n\n\n<p>Es wurde konstatiert, dass f\u00fcr den SPD \u2013 Kandidaten Daniel Jung die Zusammenarbeit mit der CDU nicht besonders hilfreich war.&nbsp; So wird das im Vorfeld ausgehandelte Vorschlagsrecht der CDU f\u00fcr den Ersten Stadtrat (mit Sebastian St\u00fcssel, Fraktionsvorsitzender der CDU) als problematisch bewertet.<\/p>\n\n\n\n<p><strong>Die GR\u00dcNE \u2013 Fraktion spricht sich weiterhin f\u00fcr Henry Richter als unabh\u00e4ngigen B\u00fcrgermeisterkandidaten aus.<\/strong><\/p>\n","protected":false},"excerpt":{"rendered":"<p>Henry Richter hat sich sehr gefreut, dass seiner \u00f6ffentlichen Einladung zu einer Wahlparty am 9. Juni im Foyer des Hotels Ambassador zahlreiche Baunatalerinnen und Baunataler und auch die Presse gefolgt&#8230; <\/p>\n","protected":false},"author":23,"featured_media":3826,"comment_status":"closed","ping_status":"open","sticky":false,"template":"","format":"standard","meta":{"ngg_post_thumbnail":0},"categories":[1],"tags":[],"_links":{"self":[{"href":"http:\/\/gruene-lk-ks.de\/baunatal\/wp-json\/wp\/v2\/posts\/3825"}],"collection":[{"href":"http:\/\/gruene-lk-ks.de\/baunatal\/wp-json\/wp\/v2\/posts"}],"about":[{"href":"http:\/\/gruene-lk-ks.de\/baunatal\/wp-json\/wp\/v2\/types\/post"}],"author":[{"embeddable":true,"href":"http:\/\/gruene-lk-ks.de\/baunatal\/wp-json\/wp\/v2\/users\/23"}],"replies":[{"embeddable":true,"href":"http:\/\/gruene-lk-ks.de\/baunatal\/wp-json\/wp\/v2\/comments?post=3825"}],"version-history":[{"count":3,"href":"http:\/\/gruene-lk-ks.de\/baunatal\/wp-json\/wp\/v2\/posts\/3825\/revisions"}],"predecessor-version":[{"id":3830,"href":"http:\/\/gruene-lk-ks.de\/baunatal\/wp-json\/wp\/v2\/posts\/3825\/revisions\/3830"}],"wp:featuredmedia":[{"embeddable":true,"href":"http:\/\/gruene-lk-ks.de\/baunatal\/wp-json\/wp\/v2\/media\/3826"}],"wp:attachment":[{"href":"http:\/\/gruene-lk-ks.de\/baunatal\/wp-json\/wp\/v2\/media?parent=3825"}],"wp:term":[{"taxonomy":"category","embeddable":true,"href":"http:\/\/gruene-lk-ks.de\/baunatal\/wp-json\/wp\/v2\/categories?post=3825"},{"taxonomy":"post_tag","embeddable":true,"href":"http:\/\/gruene-lk-ks.de\/baunatal\/wp-json\/wp\/v2\/tags?post=3825"}],"curies":[{"name":"wp","href":"https:\/\/api.w.org\/{rel}","templated":true}]}}