{"id":384,"date":"2015-12-20T14:39:52","date_gmt":"2015-12-20T12:39:52","guid":{"rendered":"http:\/\/gruene-lk-ks.de\/baunatal\/?p=384"},"modified":"2015-12-20T14:39:52","modified_gmt":"2015-12-20T12:39:52","slug":"bericht-von-der-stadtverordnetenversammlung-am-14-12-2015","status":"publish","type":"post","link":"http:\/\/gruene-lk-ks.de\/baunatal\/bericht-von-der-stadtverordnetenversammlung-am-14-12-2015\/","title":{"rendered":"Bericht von der Stadtverordnetenversammlung am 14.12.2015"},"content":{"rendered":"<p><strong>Bericht von der Stadtverordnetenversammlung am 14.12.2015<\/strong><\/p>\n<p><strong>Tagesordnungspunkt: \u201eGeb\u00e4udemodernisierung der Stadt\u201c<\/strong><\/p>\n<p>Wir GR\u00dcNE haben dazu folgende Stellungnahme und Bewertung abgegeben:<\/p>\n<p>Dem vorliegenden Bericht geben wir die Note mangelhaft. Im Bericht fehlen Angaben \u00fcber Energieeinsparungen in den sanierten Geb\u00e4uden f\u00fcr die letzten 5 Jahre sowie Aussagen, welche Energieeinsparungen in den n\u00e4chsten 5 Jahren erreicht werden k\u00f6nnen.<\/p>\n<p>Das Rechnungspr\u00fcfungsamt hat in seinem Pr\u00fcfbericht zum Jahresabschluss f\u00fcr 2010 festgestellt: <u>\u201eDie Energieeinsparberichte haben ab 2005 keinen Bezug zwischen Einsparziel und Einsparerfolg\u201c&#8230;\u201eDie Vorgaben der Stadtverordnetenversammlung wurden teilweise nicht umgesetzt\u201c<\/u><\/p>\n<p>Im <u>Schlussbericht \u201eEnergiemanagement\u201c des Hessischen Rechnungshofes<\/u> der in der STVO vom 28.09.2015 beraten wurde, steht folgendes Pr\u00fcfungsergebnis:<\/p>\n<p><u>\u201eDie Strom- und W\u00e4rmekosten der kommunalen Nichtwohngeb\u00e4ude weisen ein erhebliches Ergebnisverbesserungspotential auf\u201c. \u201eEs wird empfohlen, die Energiekostenentwicklung und die CO\u00b2-Emmissionen systematisch zu senken\u201c.<\/u><\/p>\n<p>Bereits bei der Beratung zum Energiebericht 2014 in der Stadtverordnetenversammlung im Juli 2015 haben die GR\u00dcNEN bem\u00e4ngelt, dass sich der Energieverbrauch f\u00fcr Strom und W\u00e4rme seit 2009 bis 2014 nicht ge\u00e4ndert hat.<\/p>\n<p>Ein einstimmiger Beschluss der Stadtverordnetenversammlung von 2007, den Energieverbrauch bis 2014 um mindestens 40 % zu senken, wurde bisher nicht umgesetzt.<\/p>\n<p>Seit 2006 ist unsere Erste Stadtr\u00e4tin, Frau Engler, f\u00fcr die Umsetzung dieses Beschlusses zust\u00e4ndig.<\/p>\n<p>F\u00fcr uns GR\u00dcNE ist es unverst\u00e4ndlich, warum mit Unterst\u00fctzung unseres Energiebeauftragten und bei guten finanziellen M\u00f6glichkeiten in den letzten Jahren das Energieeinsparziel nicht erreicht wurde.<\/p>\n<p>Der im Mai 2013 gegr\u00fcndete Arbeitskreis \u201eKommunale Energiewende\u201c\u00a0 hat bisher zu keinen Impulsen f\u00fcr Erarbeitung von konkreten\u00a0 Energieeinsparkonzepten gef\u00fchrt.<\/p>\n<p>In der Sitzung des Bau- und Umweltausschusses am 01.12.2015 hatten wir 11 Fragen eingereicht. Zu einzelnen Antworten haben wir folgende Anmerkungen:<\/p>\n<ul>\n<li><strong><u>Zur Rundsporthalle:<\/u><\/strong><\/li>\n<\/ul>\n<p>Der \u00fcberh\u00f6hte Stromverbrauch wurde durch einen Fehler in der Steuerung der L\u00fcftungsanlage festgestellt.<\/p>\n<p>Die Z\u00e4hlerst\u00e4nde werden monatlich abgelesen und dem Energiebeauftragten \u00fcbermittelt. Eine zentrale \u00dcberwachungsstelle gibt es nicht und ist auch nicht geplant.<\/p>\n<p><u>Unsere Anmerkungen:<\/u><\/p>\n<p>Wir GR\u00dcNE sind der Meinung, dass ein mangelhaftes Energiecontrolling vorliegt und die Einrichtung einer zentralen \u00dcberwachungsstelle mit einer monatlichen Energieverbrauchspr\u00fcfung f\u00fcr alle Geb\u00e4ude notwendig ist.<\/p>\n<ul>\n<li><strong><u>Zum Arbeitskreis \u201eKommunale Energiewende\u201c:<\/u><\/strong><\/li>\n<\/ul>\n<p>Wir GR\u00dcNE halten es f\u00fcr erforderlich, dass im Arbeitskreis die geplanten Anlagenkonzepte mit Wirtschaftlichkeitsberechnungen f\u00fcr geplante Neubauten und Sanierungen vorgestellt und beraten werden.<\/p>\n<ul>\n<li><strong><u>Zu den Projektstudien:<\/u><\/strong><\/li>\n<\/ul>\n<p>Nach dem Bericht liegen f\u00fcr die Geb\u00e4ude Max-Riegel-Halle, Stadthalle, Rathaus und Tennishalle Projektstudien vor, in dem auch der energetische Modernisierungsbedarf untersucht wurde.<\/p>\n<p>Wir GR\u00dcNE finden es unverst\u00e4ndlich, warum diese wichtigen Studien nicht zeitnah den st\u00e4dtischen Gremien zur Beratung vorgelegt wurden.<\/p>\n<ul>\n<li><strong><u>Zu den geplanten Modernisierungsvorhaben:<\/u><\/strong><\/li>\n<\/ul>\n<p>F\u00fcr die n\u00e4chsten 5 Jahre sind im Entwurf des Finanzplans die Max-Rigel-Halle und die Kulturhalle zur Sanierung vorgesehen. Wir GR\u00dcNE vermissen eine Priorit\u00e4tenliste mit Angaben der m\u00f6glichen Energieeinsparungen, Sanierungskosten und der Amortisationszeiten als Grundlage f\u00fcr einen Sanierungsfahrplan.\u00a0 Bei den anstehenden Haushaltsberatungen werden wir wieder einen Antrag einbringen.<\/p>\n<p><strong>Wir GR\u00dcNE fordern den Magistrat mit der zust\u00e4ndigen Ersten Stadtr\u00e4tin Frau Engler auf, die Energiekostenentwicklung und die CO\u00b2-Emissionen in den st\u00e4dtischen Geb\u00e4uden systematischer und entschiedener zu senken sowie nachvollziehbar zu belegen.<\/strong><\/p>\n<p>&nbsp;<\/p>\n","protected":false},"excerpt":{"rendered":"<p>Bericht von der Stadtverordnetenversammlung am 14.12.2015 Tagesordnungspunkt: \u201eGeb\u00e4udemodernisierung der Stadt\u201c Wir GR\u00dcNE haben dazu folgende Stellungnahme und Bewertung abgegeben: Dem vorliegenden Bericht geben wir die Note mangelhaft. Im Bericht fehlen&#8230; <\/p>\n","protected":false},"author":6,"featured_media":0,"comment_status":"open","ping_status":"open","sticky":false,"template":"","format":"standard","meta":{"ngg_post_thumbnail":0},"categories":[1],"tags":[],"_links":{"self":[{"href":"http:\/\/gruene-lk-ks.de\/baunatal\/wp-json\/wp\/v2\/posts\/384"}],"collection":[{"href":"http:\/\/gruene-lk-ks.de\/baunatal\/wp-json\/wp\/v2\/posts"}],"about":[{"href":"http:\/\/gruene-lk-ks.de\/baunatal\/wp-json\/wp\/v2\/types\/post"}],"author":[{"embeddable":true,"href":"http:\/\/gruene-lk-ks.de\/baunatal\/wp-json\/wp\/v2\/users\/6"}],"replies":[{"embeddable":true,"href":"http:\/\/gruene-lk-ks.de\/baunatal\/wp-json\/wp\/v2\/comments?post=384"}],"version-history":[{"count":2,"href":"http:\/\/gruene-lk-ks.de\/baunatal\/wp-json\/wp\/v2\/posts\/384\/revisions"}],"predecessor-version":[{"id":386,"href":"http:\/\/gruene-lk-ks.de\/baunatal\/wp-json\/wp\/v2\/posts\/384\/revisions\/386"}],"wp:attachment":[{"href":"http:\/\/gruene-lk-ks.de\/baunatal\/wp-json\/wp\/v2\/media?parent=384"}],"wp:term":[{"taxonomy":"category","embeddable":true,"href":"http:\/\/gruene-lk-ks.de\/baunatal\/wp-json\/wp\/v2\/categories?post=384"},{"taxonomy":"post_tag","embeddable":true,"href":"http:\/\/gruene-lk-ks.de\/baunatal\/wp-json\/wp\/v2\/tags?post=384"}],"curies":[{"name":"wp","href":"https:\/\/api.w.org\/{rel}","templated":true}]}}