{"id":3854,"date":"2024-07-22T11:22:16","date_gmt":"2024-07-22T09:22:16","guid":{"rendered":"http:\/\/gruene-lk-ks.de\/baunatal\/?p=3854"},"modified":"2024-07-22T11:22:17","modified_gmt":"2024-07-22T09:22:17","slug":"gruener-abend-an-der-wassermuehle","status":"publish","type":"post","link":"http:\/\/gruene-lk-ks.de\/baunatal\/gruener-abend-an-der-wassermuehle\/","title":{"rendered":"Gr\u00fcner Abend an der Wasserm\u00fchle"},"content":{"rendered":"\n<p>Am 19.07.24 veranstalteten wir unser Gr\u00fcnes Sommertreffen an der Wasserm\u00fchle in Guntershausen. An einem warmen, angenehmen Sommerabend trafen wir uns in gem\u00fctlicher Atmosph\u00e4re, um miteinander ins Gespr\u00e4ch zu kommen. Nach der Begr\u00fc\u00dfung wurde unserem Vorsitzenden Marcel Suttner zur Geburt seines zweiten Kindes gratuliert und als Dank f\u00fcr seine gute Arbeit in den letzten Monaten eine kleine Aufmerksamkeit \u00fcberreicht.<\/p>\n\n\n\n<p>Bei einem reichhaltigen und leckeren Buffet res\u00fcmierten wir \u00fcber das vergangene Jahr. Besonders zufrieden sind die Gr\u00fcnen mit dem Ausgang der B\u00fcrgermeisterwahl und mit der bisherigen Arbeit des Vorstands. Hervorgehoben wurden auch die von Irle J\u00fcrgens gut organisierten Stammtische. Zudem berichteten Mitglieder unserer AG Energie \u00fcber die geplante Veranstaltung zur E-Mobilit\u00e4t am 31.08.2024 im Cineplex. Abschlie\u00dfend sammelten wir viele neue Ideen f\u00fcr die Zukunft, diese m\u00f6chten wir schon bald konkretisieren. N\u00e4heres werden wir auf unserer Jahreshauptversammlung am 10.09.2024 diskutieren, an diesem Abend finden auch Vorstandswahlen statt. Das Datum also schonmal vormerken.<\/p>\n\n\n\n<p>Bei Lagerfeuer und einer spannenden Partie Boule lie\u00dfen wir den sch\u00f6nen Abend ausklingen.<\/p>\n\n\n\n<p>Folgt uns in den Sozialen Medien: <a href=\"https:\/\/www.facebook.com\/gruenestadtbaunatal\/\">https:\/\/www.facebook.com\/gruenestadtbaunatal\/<\/a>, <a href=\"https:\/\/www.instagram.com\/gruenebaunatal\/\">https:\/\/www.instagram.com\/gruenebaunatal\/<\/a><\/p>\n\n\n\n<figure class=\"wp-block-image size-large\"><a class=\"fancybox\" rel=\"gallery3854\" href=\"http:\/\/gruene-lk-ks.de\/baunatal\/files\/2024\/07\/2024-07-19-Gruenes-Sommertreffen-an-der-Wassermuehle-19.jpg\"><img loading=\"lazy\" width=\"601\" height=\"976\" src=\"http:\/\/gruene-lk-ks.de\/baunatal\/files\/2024\/07\/2024-07-19-Gruenes-Sommertreffen-an-der-Wassermuehle-19.jpg\" alt=\"\" class=\"wp-image-3856\" srcset=\"http:\/\/gruene-lk-ks.de\/baunatal\/files\/2024\/07\/2024-07-19-Gruenes-Sommertreffen-an-der-Wassermuehle-19.jpg 601w, http:\/\/gruene-lk-ks.de\/baunatal\/files\/2024\/07\/2024-07-19-Gruenes-Sommertreffen-an-der-Wassermuehle-19-369x600.jpg 369w, http:\/\/gruene-lk-ks.de\/baunatal\/files\/2024\/07\/2024-07-19-Gruenes-Sommertreffen-an-der-Wassermuehle-19-92x150.jpg 92w\" sizes=\"(max-width: 601px) 100vw, 601px\" \/><\/a><\/figure>\n","protected":false},"excerpt":{"rendered":"<p>Am 19.07.24 veranstalteten wir unser Gr\u00fcnes Sommertreffen an der Wasserm\u00fchle in Guntershausen. An einem warmen, angenehmen Sommerabend trafen wir uns in gem\u00fctlicher Atmosph\u00e4re, um miteinander ins Gespr\u00e4ch zu kommen. Nach&#8230; <\/p>\n","protected":false},"author":23,"featured_media":3855,"comment_status":"closed","ping_status":"open","sticky":false,"template":"","format":"standard","meta":{"ngg_post_thumbnail":0},"categories":[1,7113,7100],"tags":[],"_links":{"self":[{"href":"http:\/\/gruene-lk-ks.de\/baunatal\/wp-json\/wp\/v2\/posts\/3854"}],"collection":[{"href":"http:\/\/gruene-lk-ks.de\/baunatal\/wp-json\/wp\/v2\/posts"}],"about":[{"href":"http:\/\/gruene-lk-ks.de\/baunatal\/wp-json\/wp\/v2\/types\/post"}],"author":[{"embeddable":true,"href":"http:\/\/gruene-lk-ks.de\/baunatal\/wp-json\/wp\/v2\/users\/23"}],"replies":[{"embeddable":true,"href":"http:\/\/gruene-lk-ks.de\/baunatal\/wp-json\/wp\/v2\/comments?post=3854"}],"version-history":[{"count":1,"href":"http:\/\/gruene-lk-ks.de\/baunatal\/wp-json\/wp\/v2\/posts\/3854\/revisions"}],"predecessor-version":[{"id":3858,"href":"http:\/\/gruene-lk-ks.de\/baunatal\/wp-json\/wp\/v2\/posts\/3854\/revisions\/3858"}],"wp:featuredmedia":[{"embeddable":true,"href":"http:\/\/gruene-lk-ks.de\/baunatal\/wp-json\/wp\/v2\/media\/3855"}],"wp:attachment":[{"href":"http:\/\/gruene-lk-ks.de\/baunatal\/wp-json\/wp\/v2\/media?parent=3854"}],"wp:term":[{"taxonomy":"category","embeddable":true,"href":"http:\/\/gruene-lk-ks.de\/baunatal\/wp-json\/wp\/v2\/categories?post=3854"},{"taxonomy":"post_tag","embeddable":true,"href":"http:\/\/gruene-lk-ks.de\/baunatal\/wp-json\/wp\/v2\/tags?post=3854"}],"curies":[{"name":"wp","href":"https:\/\/api.w.org\/{rel}","templated":true}]}}