{"id":3868,"date":"2024-08-05T11:36:35","date_gmt":"2024-08-05T09:36:35","guid":{"rendered":"http:\/\/gruene-lk-ks.de\/baunatal\/?p=3868"},"modified":"2024-08-05T11:36:37","modified_gmt":"2024-08-05T09:36:37","slug":"baunataler-zwischenstop-auf-der-tour-de-natur","status":"publish","type":"post","link":"http:\/\/gruene-lk-ks.de\/baunatal\/baunataler-zwischenstop-auf-der-tour-de-natur\/","title":{"rendered":"Baunataler Zwischenstop auf der \u201cTour de Natur\u201c"},"content":{"rendered":"\n<p>Erstmalig wurde Baunatal auf der Tour de Natur angesteuert. Diese j\u00e4hrlich stattfindende 14-t\u00e4gige Radtour durch Deutschland, diesmal mit Start in Magdeburg und Endpunkt in Kassel, wurde auf Initiative BI Gro\u00dfenritte-Nord noch am vergangenen Samstag kurzfristig nach Baunatal verl\u00e4ngert. Ziel und Themen auf der Tour, die in den Mittelpunkt ger\u00fcckt werden sollen, sind Klima, Energie, mehr Radverkehr statt prim\u00e4r Autonutzung, Bodenverbrauch und Konsumverhalten.<\/p>\n\n\n\n<p>Begr\u00fc\u00dft wurden die etwa 100 Radler mit teilweise exotischen R\u00e4dern vom gew\u00e4hlten und designierten B\u00fcrgermeister Henry Richter auf dem Baunataler Marktplatz, sowie vom&nbsp; Sprecher der BI, Dr. Alexander Liehr. Reden und kleine Aktionen (Aktionstheater, Lied) munterten die wenigen Zuschauer auf, die den Weg ins Zentrum gefunden haben, um dem Event zu folgen. Mit dabei auf Seiten der Baunataler GR\u00dcNEN Lothar Rost und Edmund Borschel, aktiv auf seinem Rad auf einem kleinen Teilst\u00fcck der letzten Etappe.<\/p>\n\n\n\n<p>Es bleibt zu hoffen, dass der Tourstop in Baunatal nicht nur als symbolische Aktion gesehen wird, sondern auch ein Umdenken in wichtigen Themen bei den Baunataler Kommunalpolitikern erreichen kann. Nach dem \u00fcberzeugenden Ausgang bei der B\u00fcrgermeisterwahl, wo das Thema Versiegelung wertvoller landwirtschaftlicher Fl\u00e4chen eine mitentscheidende Rolle spielte, sind die Karten neu gemischt worden, schon jetzt mit Blick auf die kommende Kommunalwahl. Die GR\u00dcNE Fraktion wird sich weiter f\u00fcr Umwelt, Natur- und Klimaschutz sowie den Schutz der Landwirtschaft mit ihren Antr\u00e4gen einsetzen.<\/p>\n\n\n\n<p>Folgt uns in den Sozialen Medien: <a href=\"https:\/\/www.facebook.com\/gruenestadtbaunatal\/\">https:\/\/www.facebook.com\/gruenestadtbaunatal\/<\/a>, <a href=\"https:\/\/www.instagram.com\/gruenebaunatal\/\">https:\/\/www.instagram.com\/gruenebaunatal\/<\/a><\/p>\n\n\n\n<figure class=\"wp-block-image size-large\"><a class=\"fancybox\" rel=\"gallery3868\" href=\"http:\/\/gruene-lk-ks.de\/baunatal\/files\/2024\/08\/2024_PM_13_August_Tour-de-Natur_Foto-1-scaled.jpg\"><img loading=\"lazy\" width=\"800\" height=\"600\" src=\"http:\/\/gruene-lk-ks.de\/baunatal\/files\/2024\/08\/2024_PM_13_August_Tour-de-Natur_Foto-1-800x600.jpg\" alt=\"\" class=\"wp-image-3870\" srcset=\"http:\/\/gruene-lk-ks.de\/baunatal\/files\/2024\/08\/2024_PM_13_August_Tour-de-Natur_Foto-1-800x600.jpg 800w, http:\/\/gruene-lk-ks.de\/baunatal\/files\/2024\/08\/2024_PM_13_August_Tour-de-Natur_Foto-1-400x300.jpg 400w, http:\/\/gruene-lk-ks.de\/baunatal\/files\/2024\/08\/2024_PM_13_August_Tour-de-Natur_Foto-1-768x576.jpg 768w, http:\/\/gruene-lk-ks.de\/baunatal\/files\/2024\/08\/2024_PM_13_August_Tour-de-Natur_Foto-1-1536x1152.jpg 1536w, http:\/\/gruene-lk-ks.de\/baunatal\/files\/2024\/08\/2024_PM_13_August_Tour-de-Natur_Foto-1-2048x1536.jpg 2048w, http:\/\/gruene-lk-ks.de\/baunatal\/files\/2024\/08\/2024_PM_13_August_Tour-de-Natur_Foto-1-150x113.jpg 150w\" sizes=\"(max-width: 800px) 100vw, 800px\" \/><\/a><figcaption>Rundstreckenlauf der Radler auf dem Baunataler Marktplatz<\/figcaption><\/figure>\n","protected":false},"excerpt":{"rendered":"<p>Erstmalig wurde Baunatal auf der Tour de Natur angesteuert. Diese j\u00e4hrlich stattfindende 14-t\u00e4gige Radtour durch Deutschland, diesmal mit Start in Magdeburg und Endpunkt in Kassel, wurde auf Initiative BI Gro\u00dfenritte-Nord&#8230; <\/p>\n","protected":false},"author":23,"featured_media":3869,"comment_status":"closed","ping_status":"open","sticky":false,"template":"","format":"standard","meta":{"ngg_post_thumbnail":0},"categories":[1,7113,7100],"tags":[],"_links":{"self":[{"href":"http:\/\/gruene-lk-ks.de\/baunatal\/wp-json\/wp\/v2\/posts\/3868"}],"collection":[{"href":"http:\/\/gruene-lk-ks.de\/baunatal\/wp-json\/wp\/v2\/posts"}],"about":[{"href":"http:\/\/gruene-lk-ks.de\/baunatal\/wp-json\/wp\/v2\/types\/post"}],"author":[{"embeddable":true,"href":"http:\/\/gruene-lk-ks.de\/baunatal\/wp-json\/wp\/v2\/users\/23"}],"replies":[{"embeddable":true,"href":"http:\/\/gruene-lk-ks.de\/baunatal\/wp-json\/wp\/v2\/comments?post=3868"}],"version-history":[{"count":1,"href":"http:\/\/gruene-lk-ks.de\/baunatal\/wp-json\/wp\/v2\/posts\/3868\/revisions"}],"predecessor-version":[{"id":3871,"href":"http:\/\/gruene-lk-ks.de\/baunatal\/wp-json\/wp\/v2\/posts\/3868\/revisions\/3871"}],"wp:featuredmedia":[{"embeddable":true,"href":"http:\/\/gruene-lk-ks.de\/baunatal\/wp-json\/wp\/v2\/media\/3869"}],"wp:attachment":[{"href":"http:\/\/gruene-lk-ks.de\/baunatal\/wp-json\/wp\/v2\/media?parent=3868"}],"wp:term":[{"taxonomy":"category","embeddable":true,"href":"http:\/\/gruene-lk-ks.de\/baunatal\/wp-json\/wp\/v2\/categories?post=3868"},{"taxonomy":"post_tag","embeddable":true,"href":"http:\/\/gruene-lk-ks.de\/baunatal\/wp-json\/wp\/v2\/tags?post=3868"}],"curies":[{"name":"wp","href":"https:\/\/api.w.org\/{rel}","templated":true}]}}