{"id":3901,"date":"2024-09-02T14:17:20","date_gmt":"2024-09-02T12:17:20","guid":{"rendered":"http:\/\/gruene-lk-ks.de\/baunatal\/?p=3901"},"modified":"2024-09-02T14:17:21","modified_gmt":"2024-09-02T12:17:21","slug":"alte-werte-neue-gesichter-gruene-fraktion-verabschiedet-henry-richter-und-begruesst-sandra-altmann","status":"publish","type":"post","link":"http:\/\/gruene-lk-ks.de\/baunatal\/alte-werte-neue-gesichter-gruene-fraktion-verabschiedet-henry-richter-und-begruesst-sandra-altmann\/","title":{"rendered":"Alte Werte, neue Gesichter &#8211; Gr\u00fcne Fraktion verabschiedet Henry Richter und begr\u00fc\u00dft Sandra Altmann"},"content":{"rendered":"\n<p>In einem von Freude und einem Hauch Wehmut gepr\u00e4gten Rahmen fand am Montag den 26.08.2024 die erste Fraktionssitzung nach der Sommerpause in der Alten Schule in Gro\u00dfenritte statt. Die Mitglieder der Fraktion von B\u00fcndnis 90\/ Die Gr\u00fcnen kamen nicht nur zusammen, um aktuelle politische Themen zu besprechen, sondern auch, um ein gesch\u00e4tztes langj\u00e4hriges Mitglied zu verabschieden und ein neues Mitglied herzlich willkommen zu hei\u00dfen.<\/p>\n\n\n\n<p>Nach der gewonnenen Stichwahl hatte der designierte B\u00fcrgermeister Henry Richter nach vielen Jahren aktiver und engagierter Mitarbeit in der Fraktion sein Mandat niedergelegt. Er war seit 2016 Mitglied der Gr\u00fcnen Fraktion in der Stadtverordnetenversammlung und hat mit seiner Expertise und Initiative die Arbeit der Fraktion gepr\u00e4gt. In einer kleinen Ansprache dankte Franziska B\u00fcnsow Henry Richter f\u00fcr seine Arbeit. \u201eVor allem in deiner Zeit als Stadtverordnetenvorsteher hast du stets wert auf Neutralit\u00e4t und \u00dcberparteilichkeit gelegt. Im B\u00fcrgermeisterwahlkampf hast du die Menschen in Baunatal begeistert und mobilisiert.\u201c, sagte Franziska B\u00fcnsow. \u201eWir w\u00fcnschen dir viel Erfolg bei den Herausforderungen, die dich in deinem neuen Amt erwarten und freuen uns, die erfolgreiche Zusammenarbeit mit dir nun in neuer Konstellation fortzusetzen.\u201c<\/p>\n\n\n\n<p>Doch nicht nur Abschied, sondern auch Neuanfang stand auf der Agenda: Sandra Altmann wurde in die Fraktion aufgenommen. Sie sa\u00df bereits vor einigen Jahren f\u00fcr die Gr\u00fcnen im Baunataler Stadtparlament. Nach einer kurzen Vorstellung, in der sie die eigene Motivation und Ziele pr\u00e4sentierte, herrschte eine optimistische Stimmung. \u201eIch freue mich sehr darauf, mit einem so erfahrenen Team zusammenzuarbeiten und gemeinsam an L\u00f6sungen f\u00fcr unsere Stadt zu arbeiten\u201c, sagte Sandra Altmann. Die Mitglieder der Fraktion hie\u00dfen sie mit warmen Applaus willkommen und \u00fcberreichten als Zeichen der Zugeh\u00f6rigkeit die obligatorische Sonnenblume.<\/p>\n\n\n\n<p>Die Sitzung endete mit einem positiven Ausblick auf die kommenden Monate. Die Fraktion plant, verschiedene Projekte voranzutreiben, die sowohl die Bed\u00fcrfnisse der B\u00fcrger als auch die Weiterentwicklung der Stadt in den Fokus nehmen. \u201eWir stehen vor gro\u00dfen Herausforderungen, aber gemeinsam werden wir erfolgreich sein \u2013 in dem Sinne, dass wir die Werte, f\u00fcr die wir stehen, in die Zukunft tragen\u201c, unterstrich Franziska B\u00fcnsow.<\/p>\n","protected":false},"excerpt":{"rendered":"<p>In einem von Freude und einem Hauch Wehmut gepr\u00e4gten Rahmen fand am Montag den 26.08.2024 die erste Fraktionssitzung nach der Sommerpause in der Alten Schule in Gro\u00dfenritte statt. Die Mitglieder&#8230; <\/p>\n","protected":false},"author":23,"featured_media":3903,"comment_status":"closed","ping_status":"open","sticky":false,"template":"","format":"standard","meta":{"ngg_post_thumbnail":0},"categories":[1,7114],"tags":[],"_links":{"self":[{"href":"http:\/\/gruene-lk-ks.de\/baunatal\/wp-json\/wp\/v2\/posts\/3901"}],"collection":[{"href":"http:\/\/gruene-lk-ks.de\/baunatal\/wp-json\/wp\/v2\/posts"}],"about":[{"href":"http:\/\/gruene-lk-ks.de\/baunatal\/wp-json\/wp\/v2\/types\/post"}],"author":[{"embeddable":true,"href":"http:\/\/gruene-lk-ks.de\/baunatal\/wp-json\/wp\/v2\/users\/23"}],"replies":[{"embeddable":true,"href":"http:\/\/gruene-lk-ks.de\/baunatal\/wp-json\/wp\/v2\/comments?post=3901"}],"version-history":[{"count":1,"href":"http:\/\/gruene-lk-ks.de\/baunatal\/wp-json\/wp\/v2\/posts\/3901\/revisions"}],"predecessor-version":[{"id":3904,"href":"http:\/\/gruene-lk-ks.de\/baunatal\/wp-json\/wp\/v2\/posts\/3901\/revisions\/3904"}],"wp:featuredmedia":[{"embeddable":true,"href":"http:\/\/gruene-lk-ks.de\/baunatal\/wp-json\/wp\/v2\/media\/3903"}],"wp:attachment":[{"href":"http:\/\/gruene-lk-ks.de\/baunatal\/wp-json\/wp\/v2\/media?parent=3901"}],"wp:term":[{"taxonomy":"category","embeddable":true,"href":"http:\/\/gruene-lk-ks.de\/baunatal\/wp-json\/wp\/v2\/categories?post=3901"},{"taxonomy":"post_tag","embeddable":true,"href":"http:\/\/gruene-lk-ks.de\/baunatal\/wp-json\/wp\/v2\/tags?post=3901"}],"curies":[{"name":"wp","href":"https:\/\/api.w.org\/{rel}","templated":true}]}}